{"id":390,"date":"2022-08-26T23:38:12","date_gmt":"2022-08-26T23:38:12","guid":{"rendered":"http:\/\/revistalaneta.com.mx\/?p=390"},"modified":"2022-08-26T23:38:46","modified_gmt":"2022-08-26T23:38:46","slug":"guerra-de-denuncias","status":"publish","type":"post","link":"http:\/\/revistalaneta.com.mx\/?p=390","title":{"rendered":"GUERRA DE DENUNCIAS"},"content":{"rendered":"\n<p><\/p>\n\n\n\n<p>-Carmen Lilia entrega equipo a bomberos<\/p>\n\n\n\n<p>-Y les anuncia un aumento salarial<\/p>\n\n\n\n<p>-Habr\u00e1 desfile el 16 de septiembre<\/p>\n\n\n\n<p>Tiempo de opinar<\/p>\n\n\n\n<p>Ra\u00fal Hern\u00e1ndez Moreno<\/p>\n\n\n\n<p>Se desataron las denuncias judiciales. Los diputados de Morena presentaron cuatro denuncias ante la Fiscal\u00eda General de Justicia en contra del gobierno estatal saliente por presuntos actos de corrupci\u00f3n en perjuicio del patrimonio de Tamaulipas.<\/p>\n\n\n\n<p>La diputada \u00darsula Salazar Mojica dijo que se recurri\u00f3 a la Fiscal\u00eda federal porque no se tiene confianza en la estatal, que se ha convertido en el brazo pol\u00edtico del gobernador para amedrentar a los opositores.<\/p>\n\n\n\n<p>A su vez, el gobernador Cabeza de Vaca anunci\u00f3 que demandar\u00e1 al juez Iv\u00e1n Aar\u00f3n Zefer\u00edn Herrera que obsequi\u00f3 la orden de aprehensi\u00f3n girada en su contra y que acaba de ser desechada por la&nbsp; Suprema Corte de Justicia de la Naci\u00f3n.<\/p>\n\n\n\n<p>Dice el todav\u00eda mandatario que esta denuncia la presenta para que quede un precedente y&nbsp; no le pase a otros funcionarios estatales.<\/p>\n\n\n\n<p>\u00bfNo habr\u00eda sido m\u00e1s sano que la denuncia fuese en contra del Presidente Andr\u00e9s Manuel L\u00f3pez Obrador? En varias ocasiones Cabeza de Vaca ha dicho que el proceso de desafuero en su contra&nbsp; fue urdido desde Palacio Nacional. La denuncia tambi\u00e9n&nbsp; deber\u00eda ser contra el Fiscal Gertz Manero que es quien integr\u00f3 la averiguaci\u00f3n.<\/p>\n\n\n\n<p>\u00bfPara qu\u00e9 mencionar a AMLO, si todo es una denuncia medi\u00e1tica?<\/p>\n\n\n\n<p>Hubiera sido chido ver un gobernador entr\u00f3n, echado para adelante, tipo un Venustiano Carranza que en 1913 desconoci\u00f3 a Victoriano Huerta y le declar\u00f3 la guerra. O un Saturnino Cedillo que en 1938 desafi\u00f3 a L\u00e1zaro C\u00e1rdenas y se declar\u00f3 en rebeld\u00eda.<\/p>\n\n\n\n<p>No decimos que Cabeza&nbsp; recurra a las armas. Eso es parte de un pasado que no volver\u00e1, pero s\u00ed que recurra a los tribunales judiciales, si es que es un&nbsp; hombre impoluto, que no ha tomado un solo peso del erario para cuestiones personales, que no ha robado, pues, como es la percepci\u00f3n de los tamaulipecos.<\/p>\n\n\n\n<p>Si AMLO torci\u00f3 la ley para empapelarlo \u2013t\u00e9rmino que usan los opositores a los que Cabeza ha perseguido a trav\u00e9s de la Fiscal\u00eda de Justicia de Tamaulipas- pues que Cabeza lo exhiba y que por lo menos un&nbsp; juez lo amoneste. Eso ayudar\u00eda a que&nbsp; no haya persecuciones pol\u00edticas desde la presidencia.<\/p>\n\n\n\n<p>En otro tema, el gobierno municipal anunci\u00f3 que el pr\u00f3ximo 16 de septiembre habr\u00e1 el cl\u00e1sico desfile escolar para conmemorar la Independencia de M\u00e9xico, suspendido&nbsp; desde hace dos a\u00f1os, por la la pandemia.<\/p>\n\n\n\n<p>Van a participar 30&nbsp; escuelas, desde el nivel preescolar a secundaria, anunci\u00f3 el director de Educaci\u00f3n Municipal, Francisco Javier Altamirano Carrasco.<\/p>\n\n\n\n<p>La ruta del desfile&nbsp; es del crucero de Guerrero y doctor Mier&nbsp; y el templete se colocar\u00e1 frente al monumento a los Fundadores. El evento inicia a las nueve de la ma\u00f1ana.<\/p>\n\n\n\n<p>Por otra parte, la alcaldesa Carmen Lilia Canturosas Villarreal entreg\u00f3 equipo de protecci\u00f3n y uniformes a los elementos del Departamento &nbsp;de Bomberos, adem\u00e1s de anunciar un aumento de sueldo con el que tendr\u00e1n un mejor ingreso familiar.&nbsp;<\/p>\n\n\n\n<p>En un evento por la celebraci\u00f3n del D\u00eda del Bombero, destac\u00f3 la noble labor que realizan hombres y mujeres d\u00eda con d\u00eda al arriesgar su vida por la ciudadan\u00eda sin importar el tiempo, lugar y hora con el objetivo de atender un llamado de emergencia.&nbsp;<\/p>\n\n\n\n<p>\u201cNuestro reconocimiento total a ustedes, servidores p\u00fablicos que en su misi\u00f3n ponen en riesgo su propia vida para salvaguardar la de nuestros ciudadanos y ciudadanas, quiero expresar en estas palabras nuestro agradecimiento y admiraci\u00f3n por su vocaci\u00f3n de servicio, dedicaci\u00f3n y humanismo\u201d, se\u00f1al\u00f3 Canturosas.<\/p>\n\n\n\n<p>En el evento se reconoci\u00f3 de manera especial a tres elementos: por m\u00e9rito a Alberto Ch\u00e1vez Mart\u00ednez quien es bombero y param\u00e9dico; por&nbsp; voluntariado a&nbsp; Yahir Flores, quien tiene 7 a\u00f1os como bombero voluntario; y por antig\u00fcedad a Tom\u00e1s Ram\u00edrez Mart\u00ednez quien tiene el cargo de capit\u00e1n con 31 a\u00f1os de servicio.<\/p>\n\n\n\n<p>\u201cEs una gratitud pertenecer a esta corporaci\u00f3n, rescatar a personas y sobre todo combatir los incendios, ser bombero es salvar vidas\u201d, dijo Ram\u00edrez Mart\u00ednez, Capit\u00e1n de bomberos.<\/p>\n\n\n\n<p>Los elementos de Bomberos recibieron 50 equipos de protecci\u00f3n y uniformes como: pantal\u00f3n y camisa oficial, equipo de protecci\u00f3n personal para combate de incendios: botas, pantaloneras, tirantes, monja, chaquet\u00f3n, guantes, casco, viseras, l\u00e1mpara de pecho y l\u00e1mpara de casco de un material que brinda la resistencia a la radiaci\u00f3n por el calor causada de un incendio.<\/p>\n\n\n\n<p>En el evento estuvieron presentes Claudette Canturosas de Salinas, Presidenta del Sistema DIF; el General Brigadier del Estado Mayor Jorge Gonz\u00e1lez, Comandante de la Guarnici\u00f3n Militar de la Plaza de Nuevo Laredo.&nbsp;<\/p>\n","protected":false},"excerpt":{"rendered":"<p>-Carmen Lilia entrega equipo a bomberos -Y les anuncia un aumento salarial -Habr\u00e1 desfile el 16 de septiembre Tiempo de opinar Ra\u00fal Hern\u00e1ndez Moreno Se desataron las denuncias judiciales. Los &hellip; <a href=\"http:\/\/revistalaneta.com.mx\/?p=390\" class=\"more-link\">Leer m\u00e1s<\/a><\/p>\n","protected":false},"author":1,"featured_media":389,"comment_status":"open","ping_status":"open","sticky":false,"template":"","format":"standard","meta":{"footnotes":""},"categories":[2],"tags":[],"class_list":["post-390","post","type-post","status-publish","format-standard","has-post-thumbnail","hentry","category-chismorreo","entry"],"_links":{"self":[{"href":"http:\/\/revistalaneta.com.mx\/index.php?rest_route=\/wp\/v2\/posts\/390","targetHints":{"allow":["GET"]}}],"collection":[{"href":"http:\/\/revistalaneta.com.mx\/index.php?rest_route=\/wp\/v2\/posts"}],"about":[{"href":"http:\/\/revistalaneta.com.mx\/index.php?rest_route=\/wp\/v2\/types\/post"}],"author":[{"embeddable":true,"href":"http:\/\/revistalaneta.com.mx\/index.php?rest_route=\/wp\/v2\/users\/1"}],"replies":[{"embeddable":true,"href":"http:\/\/revistalaneta.com.mx\/index.php?rest_route=%2Fwp%2Fv2%2Fcomments&post=390"}],"version-history":[{"count":1,"href":"http:\/\/revistalaneta.com.mx\/index.php?rest_route=\/wp\/v2\/posts\/390\/revisions"}],"predecessor-version":[{"id":391,"href":"http:\/\/revistalaneta.com.mx\/index.php?rest_route=\/wp\/v2\/posts\/390\/revisions\/391"}],"wp:featuredmedia":[{"embeddable":true,"href":"http:\/\/revistalaneta.com.mx\/index.php?rest_route=\/wp\/v2\/media\/389"}],"wp:attachment":[{"href":"http:\/\/revistalaneta.com.mx\/index.php?rest_route=%2Fwp%2Fv2%2Fmedia&parent=390"}],"wp:term":[{"taxonomy":"category","embeddable":true,"href":"http:\/\/revistalaneta.com.mx\/index.php?rest_route=%2Fwp%2Fv2%2Fcategories&post=390"},{"taxonomy":"post_tag","embeddable":true,"href":"http:\/\/revistalaneta.com.mx\/index.php?rest_route=%2Fwp%2Fv2%2Ftags&post=390"}],"curies":[{"name":"wp","href":"https:\/\/api.w.org\/{rel}","templated":true}]}}