{"id":393,"date":"2022-08-26T23:40:49","date_gmt":"2022-08-26T23:40:49","guid":{"rendered":"http:\/\/revistalaneta.com.mx\/?p=393"},"modified":"2022-08-26T23:40:50","modified_gmt":"2022-08-26T23:40:50","slug":"celebran-dif-y-gobierno-municipal-a-los-adultos-mayores-en-casa-del-adulto-mayor","status":"publish","type":"post","link":"http:\/\/revistalaneta.com.mx\/?p=393","title":{"rendered":"Celebran DIF y Gobierno Municipal a los adultos mayores en Casa del Adulto Mayor"},"content":{"rendered":"\n<p><\/p>\n\n\n\n<p>Nuevo Laredo, Tamps.- M\u00e1s de 150 abuelitos disfrutaron de una celebraci\u00f3n especial por el D\u00eda Nacional de las Personas Mayores, en la Casa Club del Adulto Activo, en la que se divirtieron con presentaciones de viol\u00edn, saxof\u00f3n, un baile folcl\u00f3rico, rifa de regalos y otras actividades.<\/p>\n\n\n\n<p>La alcaldesa Carmen Lilia Canturosas y Claudette Canturosas de Salinas, presidenta del Sistema para Desarrollo Integral de la Familia (DIF), convivieron este viernes con los integrantes de la \u201cCasa Club del Adulto Activo\u201d, a quienes felicitaron por este d\u00eda tan importante.<\/p>\n\n\n\n<p>\u201cNuestros adultos mayores son una de las poblaciones m\u00e1s vulnerables, es por ello que hemos canalizado los recursos necesarios para que ustedes tengan una mejor calidad de vida a trav\u00e9s de este tipo de actividades y centros\u201d, se\u00f1al\u00f3 Canturosas.<\/p>\n\n\n\n<p>La alcaldesa recalc\u00f3 que en Nuevo Laredo se aplican pol\u00edticas p\u00fablicas incluyentes para procurar una mejor calidad de vida de los adultos mayores. Adem\u00e1s de se\u00f1alar se les debe retribuir todo el esfuerzo y trabajo que han desarrollado durante a\u00f1os.<\/p>\n\n\n\n<p>Los asistentes al festejo manifestaron su alegr\u00eda por la celebraci\u00f3n que se les organiz\u00f3 el cual no se les hab\u00eda hecho desde hace dos a\u00f1os, por lo que dijeron estar agradecidos con la administraci\u00f3n municipal.<\/p>\n\n\n\n<p>\u201cYa extra\u00f1\u00e1bamos este festejo, desde que empez\u00f3 la pandemia no nos hab\u00edan hecho nada a los abuelitos, ya extra\u00f1\u00e1bamos la convivencia, para nosotros es vida estar aqu\u00ed en la Casa Club\u201d, dijo Mar\u00eda L\u00f3pez Moreno, miembro de la Casa Club.<\/p>\n\n\n\n<p>Por su parte, la se\u00f1ora Mar\u00eda Helena Arreola se\u00f1al\u00f3 que ha aprendido diversas actividades por lo que est\u00e1 contenta de pertenecer a este lugar, \u201cEl gobierno de Carmen Lilia es excelente porque se preocupa por nosotros, estoy muy agradecida por estas oportunidades que nos dan\u201d.<\/p>\n\n\n\n<p>En el festejo estuvieron presentes el director del Sistema DIF, Jos\u00e9 Luis Pintado Gamboa; Laura Villarreal, directora del Casa Club del Adulto Activo; y Mar\u00eda del Roc\u00edo Viveros P\u00e9rez, Coordinadora de la Casa Club del Adulto Activo.<\/p>\n\n\n\n<p>En la Casa Club se realizan talleres de yoga, taich\u00ed, guitarra, cachibol, manualidades, coro y de danza en los que pueden pertenecer las personas de 60 a\u00f1os en adelante.<\/p>\n\n\n\n<p>En M\u00e9xico se instituy\u00f3 el 28 de agosto D\u00eda Nacional de las Personas Mayores, por la importancia que tienen en la cultura, e integraci\u00f3n familiar.<\/p>\n","protected":false},"excerpt":{"rendered":"<p>Nuevo Laredo, Tamps.- M\u00e1s de 150 abuelitos disfrutaron de una celebraci\u00f3n especial por el D\u00eda Nacional de las Personas Mayores, en la Casa Club del Adulto Activo, en la que &hellip; <a href=\"http:\/\/revistalaneta.com.mx\/?p=393\" class=\"more-link\">Leer m\u00e1s<\/a><\/p>\n","protected":false},"author":1,"featured_media":392,"comment_status":"open","ping_status":"open","sticky":false,"template":"","format":"standard","meta":{"footnotes":""},"categories":[4],"tags":[],"class_list":["post-393","post","type-post","status-publish","format-standard","has-post-thumbnail","hentry","category-nuevo-laredo","entry"],"_links":{"self":[{"href":"http:\/\/revistalaneta.com.mx\/index.php?rest_route=\/wp\/v2\/posts\/393","targetHints":{"allow":["GET"]}}],"collection":[{"href":"http:\/\/revistalaneta.com.mx\/index.php?rest_route=\/wp\/v2\/posts"}],"about":[{"href":"http:\/\/revistalaneta.com.mx\/index.php?rest_route=\/wp\/v2\/types\/post"}],"author":[{"embeddable":true,"href":"http:\/\/revistalaneta.com.mx\/index.php?rest_route=\/wp\/v2\/users\/1"}],"replies":[{"embeddable":true,"href":"http:\/\/revistalaneta.com.mx\/index.php?rest_route=%2Fwp%2Fv2%2Fcomments&post=393"}],"version-history":[{"count":1,"href":"http:\/\/revistalaneta.com.mx\/index.php?rest_route=\/wp\/v2\/posts\/393\/revisions"}],"predecessor-version":[{"id":394,"href":"http:\/\/revistalaneta.com.mx\/index.php?rest_route=\/wp\/v2\/posts\/393\/revisions\/394"}],"wp:featuredmedia":[{"embeddable":true,"href":"http:\/\/revistalaneta.com.mx\/index.php?rest_route=\/wp\/v2\/media\/392"}],"wp:attachment":[{"href":"http:\/\/revistalaneta.com.mx\/index.php?rest_route=%2Fwp%2Fv2%2Fmedia&parent=393"}],"wp:term":[{"taxonomy":"category","embeddable":true,"href":"http:\/\/revistalaneta.com.mx\/index.php?rest_route=%2Fwp%2Fv2%2Fcategories&post=393"},{"taxonomy":"post_tag","embeddable":true,"href":"http:\/\/revistalaneta.com.mx\/index.php?rest_route=%2Fwp%2Fv2%2Ftags&post=393"}],"curies":[{"name":"wp","href":"https:\/\/api.w.org\/{rel}","templated":true}]}}