{"id":3979,"date":"2023-02-25T15:08:30","date_gmt":"2023-02-25T15:08:30","guid":{"rendered":"http:\/\/revistalaneta.com.mx\/?p=3979"},"modified":"2023-02-25T15:09:43","modified_gmt":"2023-02-25T15:09:43","slug":"imjuve-y-tecmilenio-firman-convenio-para-la-educacion-de-los-jovenes-de-nuevo-laredo","status":"publish","type":"post","link":"http:\/\/revistalaneta.com.mx\/?p=3979","title":{"rendered":"IMJUVE y TecMilenio firman convenio para la educaci\u00f3n de los j\u00f3venes de Nuevo Laredo"},"content":{"rendered":"\n<p><\/p>\n\n\n\n<p>Nuevp Laredo, Tamps.- Un convenio de colaboraci\u00f3n de becas del 100 por ciento se firm\u00f3 entre el Instituto Municipal para el Desarrollo de la Juventud (IMJUVE) y el Tec Milenio en beneficio de los estudiantes egresados de preparatoria p\u00fablica.<\/p>\n\n\n\n<p>Fue a trav\u00e9s del programa \u201cAlianzas por la Juventud\u201d que surgi\u00f3 esta cooperaci\u00f3n con el objetivo de dar a los j\u00f3venes de Nuevo Laredo oportunidades para que contin\u00faen sus estudios.<\/p>\n\n\n\n<p>\u201cEstaremos firmando convenios con diferentes instituciones y todos los que busquen llevar un beneficio para la juventud, nosotros seremos un aliado incondicional para continuar trabajando por la educaci\u00f3n\u201d, se\u00f1al\u00f3 Jes\u00fas Espinoza, director del IMJUVE.<\/p>\n\n\n\n<p>Este convenio es parte de las acciones que impulsa la alcaldesa Carmen Lilia Canturosas Villarreal en conjunto con el gobernador Am\u00e9rico Villarreal Anaya para estimular a los estudiantes de Nuevo Laredo a continuar aprendiendo y profesionalizarse.<\/p>\n\n\n\n<p>El director del Tec Milenio, Abiu Gonz\u00e1lez Ixba mencion\u00f3 sobre el inter\u00e9s que ha tenido la administraci\u00f3n para impulsar los estudios en Nuevo Laredo y por este motivo se logr\u00f3 trabajar en conjunto.<\/p>\n\n\n\n<p>\u201cEsta alianza y sinergia es importante para impactar positivamente en los j\u00f3venes y ayudarles a buscar un mejor futuro del que tienen actualmente\u201d, dijo el director de Tec Milenio, Gonz\u00e1lez Ixba.<\/p>\n\n\n\n<p>Este evento se desarroll\u00f3 en el CBTIS- 137, ah\u00ed el director del Plantel Educativo, Jos\u00e9 Lorenzo Villegas agradeci\u00f3 al Gobierno Municipal por este apoyo para los estudiantes, as\u00ed como los beneficios que ha tenido la instituci\u00f3n.<\/p>\n\n\n\n<p>El convenio consiste en brindar becas por los cuatro a\u00f1os de carrera de los estudiantes quienes deber\u00e1n presentar un proyecto de beneficio para la comunidad, tener como calificaci\u00f3n 8.6 en adelante, as\u00ed como registrarse en la siguiente p\u00e1gina https:\/\/forms.gle\/eircRF1DJ5wg3hxq6<\/p>\n\n\n\n<p>En este evento estuvieron presentes Yadira Lara, directora de Educaci\u00f3n; Tania Taboada; directora de Entidades y Organismos Paramunicipales; as\u00ed como autoridades del Tec Milenio y del CBTIS-137.<\/p>\n","protected":false},"excerpt":{"rendered":"<p>Nuevp Laredo, Tamps.- Un convenio de colaboraci\u00f3n de becas del 100 por ciento se firm\u00f3 entre el Instituto Municipal para el Desarrollo de la Juventud (IMJUVE) y el Tec Milenio &hellip; <a href=\"http:\/\/revistalaneta.com.mx\/?p=3979\" class=\"more-link\">Leer m\u00e1s<\/a><\/p>\n","protected":false},"author":1,"featured_media":3978,"comment_status":"open","ping_status":"open","sticky":false,"template":"","format":"standard","meta":{"footnotes":""},"categories":[1],"tags":[],"class_list":["post-3979","post","type-post","status-publish","format-standard","has-post-thumbnail","hentry","category-sin-categoria","entry"],"_links":{"self":[{"href":"http:\/\/revistalaneta.com.mx\/index.php?rest_route=\/wp\/v2\/posts\/3979","targetHints":{"allow":["GET"]}}],"collection":[{"href":"http:\/\/revistalaneta.com.mx\/index.php?rest_route=\/wp\/v2\/posts"}],"about":[{"href":"http:\/\/revistalaneta.com.mx\/index.php?rest_route=\/wp\/v2\/types\/post"}],"author":[{"embeddable":true,"href":"http:\/\/revistalaneta.com.mx\/index.php?rest_route=\/wp\/v2\/users\/1"}],"replies":[{"embeddable":true,"href":"http:\/\/revistalaneta.com.mx\/index.php?rest_route=%2Fwp%2Fv2%2Fcomments&post=3979"}],"version-history":[{"count":1,"href":"http:\/\/revistalaneta.com.mx\/index.php?rest_route=\/wp\/v2\/posts\/3979\/revisions"}],"predecessor-version":[{"id":3980,"href":"http:\/\/revistalaneta.com.mx\/index.php?rest_route=\/wp\/v2\/posts\/3979\/revisions\/3980"}],"wp:featuredmedia":[{"embeddable":true,"href":"http:\/\/revistalaneta.com.mx\/index.php?rest_route=\/wp\/v2\/media\/3978"}],"wp:attachment":[{"href":"http:\/\/revistalaneta.com.mx\/index.php?rest_route=%2Fwp%2Fv2%2Fmedia&parent=3979"}],"wp:term":[{"taxonomy":"category","embeddable":true,"href":"http:\/\/revistalaneta.com.mx\/index.php?rest_route=%2Fwp%2Fv2%2Fcategories&post=3979"},{"taxonomy":"post_tag","embeddable":true,"href":"http:\/\/revistalaneta.com.mx\/index.php?rest_route=%2Fwp%2Fv2%2Ftags&post=3979"}],"curies":[{"name":"wp","href":"https:\/\/api.w.org\/{rel}","templated":true}]}}