{"id":399,"date":"2022-08-26T23:43:35","date_gmt":"2022-08-26T23:43:35","guid":{"rendered":"http:\/\/revistalaneta.com.mx\/?p=399"},"modified":"2022-08-26T23:44:08","modified_gmt":"2022-08-26T23:44:08","slug":"nueva-prorroga-a-la-carta-porte-es-oportuna","status":"publish","type":"post","link":"http:\/\/revistalaneta.com.mx\/?p=399","title":{"rendered":"Nueva pr\u00f3rroga a la carta porte, es oportuna"},"content":{"rendered":"\n<p><\/p>\n\n\n\n<p>Nuevo Laredo, Tamps.- El Director General de la Central de Servicios de Carga, Rodrigo Brito, indic\u00f3 qu\u00e9 es positivo que se haya dado una nueva pr\u00f3rroga al tr\u00e1mite de la carta porte.<br>En representaci\u00f3n del presidente de la CenSeCar Jorge Luis Lozano Guajardo, indic\u00f3 que era importante dar esta pr\u00f3rroga debido a que muchos transportistas todav\u00eda no estaban listos para esta implementaci\u00f3n y les permite actualizarse en esta obligaci\u00f3n fiscal.<br>&#8220;Nuevamente el gobierno tiene para bien prorrogar la entrada en vigor de la carta porte para el 31 de diciembre de este a\u00f1o entendemos que est\u00e1 pr\u00f3rroga se da en funci\u00f3n de permitir que todos est\u00e9n listos en el momento que sea obligatorio el cumpliendo con el requerimiento&#8221;, dijo.<br>Explic\u00f3 que esto permitir\u00e1 que quienes no se han actualizado en el tema de la carta porte tengan oportunidad de acercarse con qui\u00e9nes pueden dar este servicio como CenSeCar.<br>&#8220;Pensamos que es una medida para no presionar la implementaci\u00f3n de la misma y dar el tiempo para que las cosas cuando suceda se hagan de forma paulatina y profesional para quienes tengan la obligaci\u00f3n de hacerlo&#8221;, coment\u00f3.<br>La carta porte es una obligaci\u00f3n fiscal que estableci\u00f3 el Gobierno Federal para el tema de transporte mercanc\u00edas en el pa\u00eds.<\/p>\n","protected":false},"excerpt":{"rendered":"<p>Nuevo Laredo, Tamps.- El Director General de la Central de Servicios de Carga, Rodrigo Brito, indic\u00f3 qu\u00e9 es positivo que se haya dado una nueva pr\u00f3rroga al tr\u00e1mite de la &hellip; <a href=\"http:\/\/revistalaneta.com.mx\/?p=399\" class=\"more-link\">Leer m\u00e1s<\/a><\/p>\n","protected":false},"author":1,"featured_media":398,"comment_status":"open","ping_status":"open","sticky":false,"template":"","format":"standard","meta":{"footnotes":""},"categories":[4],"tags":[],"class_list":["post-399","post","type-post","status-publish","format-standard","has-post-thumbnail","hentry","category-nuevo-laredo","entry"],"_links":{"self":[{"href":"http:\/\/revistalaneta.com.mx\/index.php?rest_route=\/wp\/v2\/posts\/399","targetHints":{"allow":["GET"]}}],"collection":[{"href":"http:\/\/revistalaneta.com.mx\/index.php?rest_route=\/wp\/v2\/posts"}],"about":[{"href":"http:\/\/revistalaneta.com.mx\/index.php?rest_route=\/wp\/v2\/types\/post"}],"author":[{"embeddable":true,"href":"http:\/\/revistalaneta.com.mx\/index.php?rest_route=\/wp\/v2\/users\/1"}],"replies":[{"embeddable":true,"href":"http:\/\/revistalaneta.com.mx\/index.php?rest_route=%2Fwp%2Fv2%2Fcomments&post=399"}],"version-history":[{"count":1,"href":"http:\/\/revistalaneta.com.mx\/index.php?rest_route=\/wp\/v2\/posts\/399\/revisions"}],"predecessor-version":[{"id":400,"href":"http:\/\/revistalaneta.com.mx\/index.php?rest_route=\/wp\/v2\/posts\/399\/revisions\/400"}],"wp:featuredmedia":[{"embeddable":true,"href":"http:\/\/revistalaneta.com.mx\/index.php?rest_route=\/wp\/v2\/media\/398"}],"wp:attachment":[{"href":"http:\/\/revistalaneta.com.mx\/index.php?rest_route=%2Fwp%2Fv2%2Fmedia&parent=399"}],"wp:term":[{"taxonomy":"category","embeddable":true,"href":"http:\/\/revistalaneta.com.mx\/index.php?rest_route=%2Fwp%2Fv2%2Fcategories&post=399"},{"taxonomy":"post_tag","embeddable":true,"href":"http:\/\/revistalaneta.com.mx\/index.php?rest_route=%2Fwp%2Fv2%2Ftags&post=399"}],"curies":[{"name":"wp","href":"https:\/\/api.w.org\/{rel}","templated":true}]}}