{"id":402,"date":"2022-08-27T01:12:33","date_gmt":"2022-08-27T01:12:33","guid":{"rendered":"http:\/\/revistalaneta.com.mx\/?p=402"},"modified":"2022-08-27T01:12:52","modified_gmt":"2022-08-27T01:12:52","slug":"preparatorias-municipales-llenan-su-totalidad-de-inscripciones","status":"publish","type":"post","link":"http:\/\/revistalaneta.com.mx\/?p=402","title":{"rendered":"Preparatorias municipales llenan su totalidad de inscripciones"},"content":{"rendered":"\n<p id=\"m_5427790253627112318m_1394630435502705981gmail-m_-3531801619788540340docs-internal-guid-50ce7301-7fff-8ec9-f69b-23e362e54f99\"><\/p>\n\n\n\n<p>Nuevo Laredo, Tamps.- Con la apertura de un nuevo grupo debido a la demanda y atendiendo las medidas sanitarias por Covid 19,\u00a0 las tres preparatorias municipales se declaran listas para iniciar el\u00a0 ciclo escolar el pr\u00f3ximo lunes, registrando un\u00a0 total\u00a0 de 2 mil 32 estudiantes de nuevo ingreso.<\/p>\n\n\n\n<p>En la instituci\u00f3n \u201cJos\u00e9 Vasconcelos\u201d se registraron mil 128; \u201cManuel G\u00f3mez Mor\u00edn\u201d, 559 y en la \u201cElena Poniatowska\u201d se inscribieron 345 tan solo a primer semestre.<\/p>\n\n\n\n<p>Ser\u00e1n en total 4 mil 990 alumnos de todos los semestres quienes iniciar\u00e1n el ciclo escolar 2022-2023 el pr\u00f3ximo 29 de agosto.<\/p>\n\n\n\n<p>El director de Educaci\u00f3n Municipal, Francisco Javier Altamirano Carrasco, acentu\u00f3 la importante cantidad de nuevos ingresos y que para combatir la demanda, se abri\u00f3 un nuevo sal\u00f3n en \u201cManuel G\u00f3mez Mor\u00edn\u201d.<\/p>\n\n\n\n<p>\u201cLa adici\u00f3n de un nuevo grupo es parte de nuestro compromiso y obligaci\u00f3n de ofrecer una educaci\u00f3n de calidad, tambi\u00e9n tenemos a nuestro personal docente en constantes capacitaciones para asegurarlo\u201d, detall\u00f3.<\/p>\n\n\n\n<p>Inform\u00f3 que, cumpliendo con los protocolos ante el Covid-19, los alumnos deber\u00e1n presentarse con cubrebocas y en la entrada de cada instituci\u00f3n habr\u00e1 m\u00f3dulos para la revisi\u00f3n de temperatura de cada estudiante.<\/p>\n\n\n\n<p>Los alumnos previamente acudieron al curso proped\u00e9utico que se desarroll\u00f3 del 15 al 26 de agosto en dos turnos.&nbsp;<\/p>\n\n\n\n<p>Las tres preparatorias municipales&nbsp; imparten clases en los turnos matutino de 7:00 de la ma\u00f1ana a 1:10 de la tarde y vespertino de 1:30&nbsp; a 7:40 de la tarde.<\/p>\n","protected":false},"excerpt":{"rendered":"<p>Nuevo Laredo, Tamps.- Con la apertura de un nuevo grupo debido a la demanda y atendiendo las medidas sanitarias por Covid 19,\u00a0 las tres preparatorias municipales se declaran listas para &hellip; <a href=\"http:\/\/revistalaneta.com.mx\/?p=402\" class=\"more-link\">Leer m\u00e1s<\/a><\/p>\n","protected":false},"author":1,"featured_media":401,"comment_status":"open","ping_status":"open","sticky":false,"template":"","format":"standard","meta":{"footnotes":""},"categories":[4],"tags":[],"class_list":["post-402","post","type-post","status-publish","format-standard","has-post-thumbnail","hentry","category-nuevo-laredo","entry"],"_links":{"self":[{"href":"http:\/\/revistalaneta.com.mx\/index.php?rest_route=\/wp\/v2\/posts\/402","targetHints":{"allow":["GET"]}}],"collection":[{"href":"http:\/\/revistalaneta.com.mx\/index.php?rest_route=\/wp\/v2\/posts"}],"about":[{"href":"http:\/\/revistalaneta.com.mx\/index.php?rest_route=\/wp\/v2\/types\/post"}],"author":[{"embeddable":true,"href":"http:\/\/revistalaneta.com.mx\/index.php?rest_route=\/wp\/v2\/users\/1"}],"replies":[{"embeddable":true,"href":"http:\/\/revistalaneta.com.mx\/index.php?rest_route=%2Fwp%2Fv2%2Fcomments&post=402"}],"version-history":[{"count":1,"href":"http:\/\/revistalaneta.com.mx\/index.php?rest_route=\/wp\/v2\/posts\/402\/revisions"}],"predecessor-version":[{"id":403,"href":"http:\/\/revistalaneta.com.mx\/index.php?rest_route=\/wp\/v2\/posts\/402\/revisions\/403"}],"wp:featuredmedia":[{"embeddable":true,"href":"http:\/\/revistalaneta.com.mx\/index.php?rest_route=\/wp\/v2\/media\/401"}],"wp:attachment":[{"href":"http:\/\/revistalaneta.com.mx\/index.php?rest_route=%2Fwp%2Fv2%2Fmedia&parent=402"}],"wp:term":[{"taxonomy":"category","embeddable":true,"href":"http:\/\/revistalaneta.com.mx\/index.php?rest_route=%2Fwp%2Fv2%2Fcategories&post=402"},{"taxonomy":"post_tag","embeddable":true,"href":"http:\/\/revistalaneta.com.mx\/index.php?rest_route=%2Fwp%2Fv2%2Ftags&post=402"}],"curies":[{"name":"wp","href":"https:\/\/api.w.org\/{rel}","templated":true}]}}