{"id":406,"date":"2022-08-27T01:15:09","date_gmt":"2022-08-27T01:15:09","guid":{"rendered":"http:\/\/revistalaneta.com.mx\/?p=406"},"modified":"2022-08-27T01:15:58","modified_gmt":"2022-08-27T01:15:58","slug":"instalara-gobierno-municipal-filtros-sanitarios-por-covid-19-en-escuelas-por-regreso-a-clases","status":"publish","type":"post","link":"http:\/\/revistalaneta.com.mx\/?p=406","title":{"rendered":"Instalar\u00e1 Gobierno Municipal filtros sanitarios por Covid-19 en escuelas por regreso a clases"},"content":{"rendered":"\n<p id=\"m_6227583488085607025m_-6587291399521214359gmail-m_152980655273512879docs-internal-guid-b94bb239-7fff-c8cc-4155-a3e7282cfe4b\"><\/p>\n\n\n\n<p>Nuevo Laredo, Tamps.- Como medida de prevenci\u00f3n\u00a0 y cuidando la salud de la poblaci\u00f3n, este lunes 29 de agosto, en el marco del regreso a clases, el Gobierno Municipal instalar\u00e1 filtros sanitarios en diversas escuelas para detectar posibles contagios de Covid 19.<\/p>\n\n\n\n<p>Las brigadas sanitarias en la que participar\u00e1n&nbsp; diversos departamentos a cargo de la Direcci\u00f3n de Salud Municipal, se instalar\u00e1n en las entradas de 24 escuelas, la mayor\u00eda al sur y poniente de la ciudad, de los niveles kinder, primaria, secundaria y preparatoria para examinar a alrededor&nbsp; de 5 mil estudiantes y descartar contagios por la enfermedad.<\/p>\n\n\n\n<p>\u201cSe van a instalar filtros sanitarios para tomar la temperatura, preguntando c\u00f3mo se sienten y en dado caso, estar canalizando a los ni\u00f1os que no se sienten bien para que reciban la atenci\u00f3n m\u00e9dica necesaria\u201d, mencion\u00f3 la alcaldesa Carmen Lilia Canturosas Villarreal.<\/p>\n\n\n\n<p>Las brigadas se ubicar\u00e1n a la entrada de cada escuela en dos turnos: matutino de 6:30 a 9:30 de la ma\u00f1ana y vespertino de 12:30 a 14:00 de la tarde para practicar protocolos que iniciar\u00e1n al recibir a los estudiantes, pasarlos por el filtro sanitario&nbsp; y en caso de presentar alg\u00fan s\u00edntoma relacionado con el COVID-19, pasar\u00e1 a valoraci\u00f3n m\u00e9dica.<\/p>\n\n\n\n<p>De ser necesario y con la autorizaci\u00f3n del padre o tutor,&nbsp; se realizar\u00e1 la prueba nasofar\u00edngea y&nbsp; de resultar positiva, se referir\u00e1 al estudiante a una Cl\u00ednica UNE para recibir el tratamiento correspondiente.<\/p>\n\n\n\n<p>La alcaldesa hizo \u00e9nfasis en que este esfuerzo se hace buscando lo mejor para los estudiantes, sus familias y los maestros.<\/p>\n","protected":false},"excerpt":{"rendered":"<p>Nuevo Laredo, Tamps.- Como medida de prevenci\u00f3n\u00a0 y cuidando la salud de la poblaci\u00f3n, este lunes 29 de agosto, en el marco del regreso a clases, el Gobierno Municipal instalar\u00e1 &hellip; <a href=\"http:\/\/revistalaneta.com.mx\/?p=406\" class=\"more-link\">Leer m\u00e1s<\/a><\/p>\n","protected":false},"author":1,"featured_media":405,"comment_status":"open","ping_status":"open","sticky":false,"template":"","format":"standard","meta":{"footnotes":""},"categories":[6],"tags":[],"class_list":["post-406","post","type-post","status-publish","format-standard","has-post-thumbnail","hentry","category-destacado","entry"],"_links":{"self":[{"href":"http:\/\/revistalaneta.com.mx\/index.php?rest_route=\/wp\/v2\/posts\/406","targetHints":{"allow":["GET"]}}],"collection":[{"href":"http:\/\/revistalaneta.com.mx\/index.php?rest_route=\/wp\/v2\/posts"}],"about":[{"href":"http:\/\/revistalaneta.com.mx\/index.php?rest_route=\/wp\/v2\/types\/post"}],"author":[{"embeddable":true,"href":"http:\/\/revistalaneta.com.mx\/index.php?rest_route=\/wp\/v2\/users\/1"}],"replies":[{"embeddable":true,"href":"http:\/\/revistalaneta.com.mx\/index.php?rest_route=%2Fwp%2Fv2%2Fcomments&post=406"}],"version-history":[{"count":1,"href":"http:\/\/revistalaneta.com.mx\/index.php?rest_route=\/wp\/v2\/posts\/406\/revisions"}],"predecessor-version":[{"id":407,"href":"http:\/\/revistalaneta.com.mx\/index.php?rest_route=\/wp\/v2\/posts\/406\/revisions\/407"}],"wp:featuredmedia":[{"embeddable":true,"href":"http:\/\/revistalaneta.com.mx\/index.php?rest_route=\/wp\/v2\/media\/405"}],"wp:attachment":[{"href":"http:\/\/revistalaneta.com.mx\/index.php?rest_route=%2Fwp%2Fv2%2Fmedia&parent=406"}],"wp:term":[{"taxonomy":"category","embeddable":true,"href":"http:\/\/revistalaneta.com.mx\/index.php?rest_route=%2Fwp%2Fv2%2Fcategories&post=406"},{"taxonomy":"post_tag","embeddable":true,"href":"http:\/\/revistalaneta.com.mx\/index.php?rest_route=%2Fwp%2Fv2%2Ftags&post=406"}],"curies":[{"name":"wp","href":"https:\/\/api.w.org\/{rel}","templated":true}]}}