{"id":409,"date":"2022-08-27T01:17:42","date_gmt":"2022-08-27T01:17:42","guid":{"rendered":"http:\/\/revistalaneta.com.mx\/?p=409"},"modified":"2022-08-27T01:18:28","modified_gmt":"2022-08-27T01:18:28","slug":"se-concreta-el-agandalle-en-el-pan","status":"publish","type":"post","link":"http:\/\/revistalaneta.com.mx\/?p=409","title":{"rendered":"SE CONCRETA EL \u201cAGANDALLE\u201d EN EL PAN"},"content":{"rendered":"\n<p>Luis Ren\u00e9 Cant\u00fa Galv\u00e1n asegur\u00f3 su permanencia al frente del Partido Acci\u00f3n Nacional (PAN) de Tamaulipas hasta el 2025, al representar la \u00fanica planilla registrada, en medio de acusaciones de sus oponentes de que bloque\u00f3 cualquier intento de registro de otra planilla. Al vencer el plazo de registro a las 23:59 horas del pasado mi\u00e9rcoles, inmediatamente la Secretar\u00eda Ejecutiva de la Comisi\u00f3n Estatal Organizadora (CEO) para el proceso interno del PAN en la entidad, hizo constar que solo se recibi\u00f3 el registro de la planilla encabezada por \u201cEl Cachorro\u201d Cant\u00fa, a la vez que se anunci\u00f3 se notificar\u00e1 a la dirigencia nacional del registro de una planilla \u00fanica, para que se determine si se contin\u00faa con el proceso interno, programado para el 2 de octubre de acuerdo con la convocatoria emitida, o en su caso se declara a \u00e9sta ganadora. De ser esto \u00faltimo \u201cEl Cachorro\u201d se mantendr\u00e1 como dirigente estatal, llevando como secretaria general a Imelda Sanmiguel S\u00e1nchez, y como integrantes de la mesa directiva a Mar\u00eda del Rosario Gonz\u00e1lez Flores, Carlos Alberto Salinas Garza, Flavia Patricia Mart\u00ednez Castro, Ignacio Ledezma Leal, Alejandra Aim\u00e9 Carrillo Garc\u00eda, El\u00edas Reyes Mart\u00ednez y Dulce Magdalena Hern\u00e1ndez Mel\u00e9ndez.<\/p>\n\n\n\n<p>ANUNCIA ARNULFO RODR\u00cdGUEZ QUE S\u00cd VA POR EL SNTE<br \/>A trav\u00e9s de un video el profesor Arnulfo Rodr\u00edguez Trevi\u00f1o anunci\u00f3 de manera tajante que s\u00ed va a participar en la elecci\u00f3n por la dirigencia de la secretar\u00eda general del Sindicato Nacional de Trabajadores de la Educaci\u00f3n (SNTE) de Tamaulipas, negando a la vez que vaya a respaldar a alg\u00fan otro candidato. Dijo que por ah\u00ed andan diciendo otros aspirantes que tienen su respaldo, lo cual neg\u00f3 y de hecho dijo que ya est\u00e1 cansado de apoyar a otros candidatos pues le pagan mal, y cit\u00f3 los ejemplos de Rafael M\u00e9ndez Salas y Rigoberto Guevara V\u00e1zquez. Pidi\u00f3 a los maestros de Tamaulipas apoyarlo en sus pretensiones, pues dijo que los beneficios ser\u00e1n para todos, a la vez que lament\u00f3 que hoy en d\u00eda el SNTE no tenga un solo regidor en los municipios tamaulipecos y se haya perdido la diputaci\u00f3n federal que hab\u00edan conseguido, y que como l\u00edder pelear\u00e1 esas posiciones.<\/p>\n\n\n\n<p>FIRMAN CONVENIO MUNICIPIO E INMUJER<br \/>Un convenio en el cual se busca fortalecer el mecanismo y la promoci\u00f3n de la perspectiva de g\u00e9nero en la planeaci\u00f3n y acciones gubernamentales, fue firmado este jueves por parte del Gobierno Municipal de Nuevo Laredo y el Instituto Municipal de la Mujer (INMUJER). En un acto celebrado en Estaci\u00f3n Palabra, y encabezado por la Presidente Municipal, Carmen Lilia Canturosas Villarreal y su hermana Cinthya Canturosas Villarreal, presidente de INMUJER, se acord\u00f3 ofrecer una capacitaci\u00f3n mediante el \u201cProyecto de Fortalecimiento de las Capacidades Organizacionales, Operativas y T\u00e9cnicas del Instituto Municipal de la Mujer de Nuevo Laredo\u201d, que ser\u00e1 abierto para la ciudadan\u00eda, y para lo cual se brindar\u00e1n seis talleres para sensibilizar la atenci\u00f3n ciudadana, con grupos de 20 personas cada uno y tendr\u00e1 una duraci\u00f3n de tres meses. Est\u00e1 capacitaci\u00f3n se dar\u00e1 gracias a que el INMUJER fue seleccionado para recibir el recurso por medio de la convocatoria federal del programa de \u201cFortalecimiento de Transversalidad de Perspectiva de G\u00e9nero\u201d.<\/p>\n\n\n\n<p>ENTREGA CLCR EQUIPO A BOMBEROS<br \/>Un total de 50 equipos de protecci\u00f3n y uniformes consistentes en pantal\u00f3n y camisa oficial, adem\u00e1s de equipo de protecci\u00f3n personal para combate de incendios: botas, pantaloneras, tirantes, monja, chaquet\u00f3n, guantes, casco, viseras, l\u00e1mparas de pecho y l\u00e1mparas de casco recibi\u00f3 el honorable Departamento de Bomberos de Nuevo Laredo, de manos de la Presidenta Municipal, Carmen Lilia Canturosas Villarreal, como regalo por la reciente celebraci\u00f3n del D\u00eda del Bomberos. La entrega se llev\u00f3 a cabo en un evento donde estuvo presente el General Brigadier del Estado Mayor Jorge Gonz\u00e1lez, Comandante de la Guarnici\u00f3n Militar de la Plaza de Nuevo Laredo, y dem\u00e1s autoridades municipales, incluyendo el Director de Bomberos, Humberto Fern\u00e1ndez Diez de Pinos, quien a nombre de los apagafuegos agradeci\u00f3 el apoyo brindado.<\/p>\n\n\n\n<p>REGRESA EL DESFILE DE LA INDEPENDENCIA<br \/>Tras dos a\u00f1os de no celebrarse el tradicional Desfile de la Independencia, por la cuesti\u00f3n de la pandemia del Covid-19, este festejo c\u00edvico se volver\u00e1 a realizar el pr\u00f3ximo 16 de septiembre a partir de las nueve de la ma\u00f1ana, con la participaci\u00f3n de alumnos de 30 escuelas de la localidad. El evento arrancar\u00e1 en el crucero de Guerrero y Dr. Mier, para terminar en Guerrero y Per\u00fa, pasando por el templete donde estar\u00e1n las autoridades municipales, y que estar\u00e1 en la cuadra 15 de Guerrero.<\/p>\n\n\n\n<p>IMPARABLE LA INFLACI\u00d3N EN EL PA\u00cdS<br \/>La inflaci\u00f3n en M\u00e9xico sigue en niveles exorbitantes y de acuerdo el Instituto Nacional de Estad\u00edstica y Geograf\u00eda (INEGI) en la primera quincena de agosto lleg\u00f3 al 8.62 por ciento anual, con un alza en los alimentos del 13.77 por ciento. Lo peor es que ya no solo son unas cuantas frutas y verduras las que est\u00e1n caras, sino ya pr\u00e1cticamente todos, pues a la escalada de precios se han sumado la papa, la cebolla y la naranja, que son productos esenciales en el consumo de los mexicanos. La papa y la cebolla se est\u00e1n ofreciendo hasta en 40 pesos por kilo en los supermercados, siendo que hasta diciembre del a\u00f1o pasado rondaban los 20 pesos por kilo, por lo que el aumento en lo que va de este a\u00f1o ha sido casi al doble. Y nadie, pero absolutamente nadie, est\u00e1 haciendo algo para frenar esta intensa alza en los precios.<\/p>\n\n\n\n<p>ELIMINADOS LOS TECOS<br \/>La eliminaci\u00f3n del equipo de b\u00e9isbol Tecolotes de los Dos Laredos de los play-offs de la Liga Mexicana de B\u00e9isbol sin duda ha sido un gran golpe para la fanaticada, que confiaba en que el equipo llegase a ser campe\u00f3n, dada la gran temporada que tuvieron, y donde incluso tuvieron una importante racha de juegos ganados consecutivamente. Y precisamente por eso de que los Tecos acostumbraron a la gente a la victoria es que duele m\u00e1s la derrota, sobre todo cuando ni las manos metieron (m\u00e1s bien el guante y el bate) y fueron acabados en cinco juegos, ganando solo uno. Pero pues as\u00ed son es el b\u00e9isbol, por eso como dicen, es el Rey de los Deportes, y los play-offs siempre son diferentes a los juegos regulares. As\u00ed que no queda m\u00e1s que agradecer los buenos momentos, y esperar la siguiente temporada.<\/p>\n\n\n\n<p>LO \u00daLTIMO<br \/>Muchas felicidades al compa\u00f1ero y amigo Mario Portillo, quien este viernes est\u00e1 cumpliendo un a\u00f1o m\u00e1s de vida. Lo mismo para el amigo Mart\u00edn Ollervides, que de la misma forma est\u00e1 de manteles largos. \u00a1Muchos m\u00e1s d\u00edas de estos para ellos!\u2026 Durante su reciente visita a Nuevo Laredo, el Rector de la Universidad Aut\u00f3noma de Tamaulipas, Guillermo Mendoza Cavazos, inaugur\u00f3 equipamiento de 21 aulas digitales, cuya tecnolog\u00eda habr\u00e1 de fortalecer las actividades acad\u00e9micas de la comunidad estudiantil de dicho plantel\u2026 Para el 5 de septiembre est\u00e1 programado el inicio del nuevo ciclo escolar en la Universidad Tecnol\u00f3gica de Nuevo Laredo (UTNL), que recibir\u00e1 un promedio de mil alumnos\u2026 El diputado local por el Movimiento Ciudadano, Gustavo C\u00e1rdenas Guti\u00e9rrez, se reuni\u00f3 con el gobernador electo, Am\u00e9rico Villarreal Anaya, con quien coincidi\u00f3 en trabajar juntos para sacar adelante a Tamaulipas. Gustavo es uno de los tantos tamaulipecos que va a tomar revancha a partir del 1 de octubre.<\/p>\n","protected":false},"excerpt":{"rendered":"<p>Luis Ren\u00e9 Cant\u00fa Galv\u00e1n asegur\u00f3 su permanencia al frente del Partido Acci\u00f3n Nacional (PAN) de Tamaulipas hasta el 2025, al representar la \u00fanica planilla registrada, en medio de acusaciones de &hellip; <a href=\"http:\/\/revistalaneta.com.mx\/?p=409\" class=\"more-link\">Leer m\u00e1s<\/a><\/p>\n","protected":false},"author":1,"featured_media":408,"comment_status":"open","ping_status":"open","sticky":false,"template":"","format":"standard","meta":{"footnotes":""},"categories":[2],"tags":[],"class_list":["post-409","post","type-post","status-publish","format-standard","has-post-thumbnail","hentry","category-chismorreo","entry"],"_links":{"self":[{"href":"http:\/\/revistalaneta.com.mx\/index.php?rest_route=\/wp\/v2\/posts\/409","targetHints":{"allow":["GET"]}}],"collection":[{"href":"http:\/\/revistalaneta.com.mx\/index.php?rest_route=\/wp\/v2\/posts"}],"about":[{"href":"http:\/\/revistalaneta.com.mx\/index.php?rest_route=\/wp\/v2\/types\/post"}],"author":[{"embeddable":true,"href":"http:\/\/revistalaneta.com.mx\/index.php?rest_route=\/wp\/v2\/users\/1"}],"replies":[{"embeddable":true,"href":"http:\/\/revistalaneta.com.mx\/index.php?rest_route=%2Fwp%2Fv2%2Fcomments&post=409"}],"version-history":[{"count":1,"href":"http:\/\/revistalaneta.com.mx\/index.php?rest_route=\/wp\/v2\/posts\/409\/revisions"}],"predecessor-version":[{"id":410,"href":"http:\/\/revistalaneta.com.mx\/index.php?rest_route=\/wp\/v2\/posts\/409\/revisions\/410"}],"wp:featuredmedia":[{"embeddable":true,"href":"http:\/\/revistalaneta.com.mx\/index.php?rest_route=\/wp\/v2\/media\/408"}],"wp:attachment":[{"href":"http:\/\/revistalaneta.com.mx\/index.php?rest_route=%2Fwp%2Fv2%2Fmedia&parent=409"}],"wp:term":[{"taxonomy":"category","embeddable":true,"href":"http:\/\/revistalaneta.com.mx\/index.php?rest_route=%2Fwp%2Fv2%2Fcategories&post=409"},{"taxonomy":"post_tag","embeddable":true,"href":"http:\/\/revistalaneta.com.mx\/index.php?rest_route=%2Fwp%2Fv2%2Ftags&post=409"}],"curies":[{"name":"wp","href":"https:\/\/api.w.org\/{rel}","templated":true}]}}