{"id":424,"date":"2022-08-28T08:05:47","date_gmt":"2022-08-28T08:05:47","guid":{"rendered":"http:\/\/revistalaneta.com.mx\/?p=424"},"modified":"2022-08-28T08:06:14","modified_gmt":"2022-08-28T08:06:14","slug":"fomentan-la-lectura-en-ninos-de-la-ciudad","status":"publish","type":"post","link":"http:\/\/revistalaneta.com.mx\/?p=424","title":{"rendered":"Fomentan la lectura en ni\u00f1os de la ciudad"},"content":{"rendered":"\n<p><\/p>\n\n\n\n<p>Nuevo Laredo, Tamps.- Para fomentar la cultura de la lectura en la ni\u00f1ez de Nuevo Laredo la administraci\u00f3n municipal realiz\u00f3 el programa \u201cLa Hora del Cuento\u201d, en las seis bibliotecas locales de manera gratuita.<\/p>\n\n\n\n<p>A trav\u00e9s de este programa m\u00e1s de 60 ni\u00f1os cada s\u00e1bado a las 10:00 de la ma\u00f1ana, desarrollan el gusto por la lectura y la escritura con diversos cuentos infantiles.<\/p>\n\n\n\n<p>Las bibliotecas en donde se lleva a cabo \u201cLa Hora del Cuento\u201d son en las bibliotecas:&nbsp; Octavio Paz, Emiliano Zapata, Jos\u00e9 Ma. Mart\u00ednez, Rub\u00e9n Miranda Villalba, Jos\u00e9 Vasconcelos y Fidel Cu\u00e9llar Gonz\u00e1lez.<\/p>\n\n\n\n<p>De lunes a viernes \u201cLa Hora del Cuento\u201d se desarrolla en el&nbsp; Centro Cultural, Estaci\u00f3n Palabra \u201cGabriel Garc\u00eda M\u00e1rquez\u201d, Maquila Creativa; Casas de la Cultura Polivalente, Viveros, El Progreso y Palmares. En dos turnos, matutino y vespertino.&nbsp;<\/p>\n","protected":false},"excerpt":{"rendered":"<p>Nuevo Laredo, Tamps.- Para fomentar la cultura de la lectura en la ni\u00f1ez de Nuevo Laredo la administraci\u00f3n municipal realiz\u00f3 el programa \u201cLa Hora del Cuento\u201d, en las seis bibliotecas &hellip; <a href=\"http:\/\/revistalaneta.com.mx\/?p=424\" class=\"more-link\">Leer m\u00e1s<\/a><\/p>\n","protected":false},"author":1,"featured_media":423,"comment_status":"open","ping_status":"open","sticky":false,"template":"","format":"standard","meta":{"footnotes":""},"categories":[4],"tags":[],"class_list":["post-424","post","type-post","status-publish","format-standard","has-post-thumbnail","hentry","category-nuevo-laredo","entry"],"_links":{"self":[{"href":"http:\/\/revistalaneta.com.mx\/index.php?rest_route=\/wp\/v2\/posts\/424","targetHints":{"allow":["GET"]}}],"collection":[{"href":"http:\/\/revistalaneta.com.mx\/index.php?rest_route=\/wp\/v2\/posts"}],"about":[{"href":"http:\/\/revistalaneta.com.mx\/index.php?rest_route=\/wp\/v2\/types\/post"}],"author":[{"embeddable":true,"href":"http:\/\/revistalaneta.com.mx\/index.php?rest_route=\/wp\/v2\/users\/1"}],"replies":[{"embeddable":true,"href":"http:\/\/revistalaneta.com.mx\/index.php?rest_route=%2Fwp%2Fv2%2Fcomments&post=424"}],"version-history":[{"count":1,"href":"http:\/\/revistalaneta.com.mx\/index.php?rest_route=\/wp\/v2\/posts\/424\/revisions"}],"predecessor-version":[{"id":425,"href":"http:\/\/revistalaneta.com.mx\/index.php?rest_route=\/wp\/v2\/posts\/424\/revisions\/425"}],"wp:featuredmedia":[{"embeddable":true,"href":"http:\/\/revistalaneta.com.mx\/index.php?rest_route=\/wp\/v2\/media\/423"}],"wp:attachment":[{"href":"http:\/\/revistalaneta.com.mx\/index.php?rest_route=%2Fwp%2Fv2%2Fmedia&parent=424"}],"wp:term":[{"taxonomy":"category","embeddable":true,"href":"http:\/\/revistalaneta.com.mx\/index.php?rest_route=%2Fwp%2Fv2%2Fcategories&post=424"},{"taxonomy":"post_tag","embeddable":true,"href":"http:\/\/revistalaneta.com.mx\/index.php?rest_route=%2Fwp%2Fv2%2Ftags&post=424"}],"curies":[{"name":"wp","href":"https:\/\/api.w.org\/{rel}","templated":true}]}}