{"id":427,"date":"2022-08-28T08:08:25","date_gmt":"2022-08-28T08:08:25","guid":{"rendered":"http:\/\/revistalaneta.com.mx\/?p=427"},"modified":"2022-08-28T08:08:46","modified_gmt":"2022-08-28T08:08:46","slug":"deja-expo-regreso-a-clases-beneficios-a-negocios-y-padres-de-familia","status":"publish","type":"post","link":"http:\/\/revistalaneta.com.mx\/?p=427","title":{"rendered":"Deja Expo Regreso A Clases beneficios a negocios y padres de familia"},"content":{"rendered":"\n<p id=\"m_9107107862687108250m_756607887822833017gmail-m_-4765538923274326docs-internal-guid-ca1dff62-7fff-5f03-7cf9-635937dc7d3c\"><\/p>\n\n\n\n<p>Nuevo Laredo, Tamps.-;El Gobierno Municipal y la C\u00e1mara Nacional de Comercio, Servicios y Turismo (CANACO) Nuevo Laredo, organizaron la primera \u201cExpo 2022 Regreso a Clases\u201d, que signific\u00f3 un importante aporte a la derrama econ\u00f3mica de los negocios locales con una venta de m\u00e1s de 500 mil pesos y ahorro a las familias con los descuentos que ofrecieron.<\/p>\n\n\n\n<p>Esta exhibici\u00f3n, que tuvo lugar en el Centro C\u00edvico,&nbsp; donde participaron 40 comercios afiliados a la CANACO, tuvo la finalidad de ofertar productos de papeler\u00eda, mercer\u00eda, uniformes y m\u00e1s a precios accesibles para las familias neolaredenses.<\/p>\n\n\n\n<p>Fueron mil 450 ciudadanos quienes se prepararon para el regreso a clases y aprovecharon descuentos del 10 hasta el 30 por ciento que ofrecieron las librer\u00edas, zapater\u00edas, \u00f3pticas, est\u00e9ticas, tiendas de productos higi\u00e9nicos, entre otros.<\/p>\n\n\n\n<p>El Presidente de la CANACO, Eliud Ci\u00e9nega Jurado, recalc\u00f3 que el \u00e9xito que se tuvo en la exposici\u00f3n fue gracias al respaldo del Gobierno Municipal que preside Carmen Lilia Canturosas Villarreal.<\/p>\n\n\n\n<p>\u201cNunca hab\u00edamos tenido este apoyo por parte del Municipio, nuestro trabajo en conjunto ha sido en total armon\u00eda gracias a la gran relaci\u00f3n de cooperaci\u00f3n y comunicaci\u00f3n que tiene esta Administraci\u00f3n con los empresarios locales\u201d, reiter\u00f3.<\/p>\n\n\n\n<p>Ci\u00e9nega Jurado tambi\u00e9n agradeci\u00f3 al Gobierno Municipal por el apoyo que brinda a los comercios locales y la econom\u00eda de Nuevo Laredo en general<\/p>\n","protected":false},"excerpt":{"rendered":"<p>Nuevo Laredo, Tamps.-;El Gobierno Municipal y la C\u00e1mara Nacional de Comercio, Servicios y Turismo (CANACO) Nuevo Laredo, organizaron la primera \u201cExpo 2022 Regreso a Clases\u201d, que signific\u00f3 un importante aporte &hellip; <a href=\"http:\/\/revistalaneta.com.mx\/?p=427\" class=\"more-link\">Leer m\u00e1s<\/a><\/p>\n","protected":false},"author":1,"featured_media":426,"comment_status":"open","ping_status":"open","sticky":false,"template":"","format":"standard","meta":{"footnotes":""},"categories":[6],"tags":[],"class_list":["post-427","post","type-post","status-publish","format-standard","has-post-thumbnail","hentry","category-destacado","entry"],"_links":{"self":[{"href":"http:\/\/revistalaneta.com.mx\/index.php?rest_route=\/wp\/v2\/posts\/427","targetHints":{"allow":["GET"]}}],"collection":[{"href":"http:\/\/revistalaneta.com.mx\/index.php?rest_route=\/wp\/v2\/posts"}],"about":[{"href":"http:\/\/revistalaneta.com.mx\/index.php?rest_route=\/wp\/v2\/types\/post"}],"author":[{"embeddable":true,"href":"http:\/\/revistalaneta.com.mx\/index.php?rest_route=\/wp\/v2\/users\/1"}],"replies":[{"embeddable":true,"href":"http:\/\/revistalaneta.com.mx\/index.php?rest_route=%2Fwp%2Fv2%2Fcomments&post=427"}],"version-history":[{"count":1,"href":"http:\/\/revistalaneta.com.mx\/index.php?rest_route=\/wp\/v2\/posts\/427\/revisions"}],"predecessor-version":[{"id":428,"href":"http:\/\/revistalaneta.com.mx\/index.php?rest_route=\/wp\/v2\/posts\/427\/revisions\/428"}],"wp:featuredmedia":[{"embeddable":true,"href":"http:\/\/revistalaneta.com.mx\/index.php?rest_route=\/wp\/v2\/media\/426"}],"wp:attachment":[{"href":"http:\/\/revistalaneta.com.mx\/index.php?rest_route=%2Fwp%2Fv2%2Fmedia&parent=427"}],"wp:term":[{"taxonomy":"category","embeddable":true,"href":"http:\/\/revistalaneta.com.mx\/index.php?rest_route=%2Fwp%2Fv2%2Fcategories&post=427"},{"taxonomy":"post_tag","embeddable":true,"href":"http:\/\/revistalaneta.com.mx\/index.php?rest_route=%2Fwp%2Fv2%2Ftags&post=427"}],"curies":[{"name":"wp","href":"https:\/\/api.w.org\/{rel}","templated":true}]}}