{"id":436,"date":"2022-08-29T03:22:48","date_gmt":"2022-08-29T03:22:48","guid":{"rendered":"http:\/\/revistalaneta.com.mx\/?p=436"},"modified":"2022-08-29T03:23:10","modified_gmt":"2022-08-29T03:23:10","slug":"sorpresiva-designacion-de-dirigente-de-morena","status":"publish","type":"post","link":"http:\/\/revistalaneta.com.mx\/?p=436","title":{"rendered":"SORPRESIVA DESIGNACI\u00d3N DE DIRIGENTE DE MORENA"},"content":{"rendered":"\n<p>De manera por dem\u00e1s sorpresiva la victorense Yuriria Iturbe V\u00e1zquez fue electa como presidenta del comit\u00e9 directivo estatal del Movimiento de Regeneraci\u00f3n Nacional (MORENA) esto durante el Congreso Estatal de dicho partido pol\u00edtico celebrado ayer domingo en la capital del estado. La mencionada fue candidata a la alcald\u00eda victorense en el 2016 y no figuraba para la dirigencia, pero al inicio del evento de ayer empez\u00f3 a manejarse su nombre, y finalmente los consejeros se decidieron por ella y la eligieron. La mencionada llevar\u00e1 como secretario general a Marcos Zuviri Rivera, en tanto que la secretar\u00eda de finanzas recay\u00f3 en Nadia \u00c1lvarez Espino. Sergio Mart\u00ednez Huerta ser\u00e1 el secretario de organizaci\u00f3n; Lucero Deosdady Mart\u00ednez L\u00f3pez ser\u00e1 la secretaria de formaci\u00f3n; C\u00e9sar Eduardo Luna Gonz\u00e1lez el de comunicaci\u00f3n; Valentina Cota Victoria tendr\u00e1 la cartera de mujeres; Mauricio Alejandro Gattas Cano, la de j\u00f3venes; la neolaredense Nubia Lizeth Almaguer estar\u00e1 a cargo de la secretaria de producci\u00f3n y trabajo y Sandra Mu\u00f1oz Pecina, de derechos humanos. A su vez como presidente del Consejo Pol\u00edtico Estatal fue electo como presidente R\u00f3mulo P\u00e9rez S\u00e1nchez.<\/p>\n\n\n\n<p>FELICITA AVA A LA NUEVA DIRIGENCIA<br \/>Una vez concluida la elecci\u00f3n de la nueva dirigencia estatal de MORENA de Tamaulipas, el gobernador electo, Am\u00e9rico Villarreal Anaya se hizo presente para clausurar los trabajos del consejo, as\u00ed como felicitar a la nueva dirigencia y desearles \u00e9xito en su encomienda. Tras esto hubo una conferencia de prensa que fue presidida por el secretario de prensa del Comit\u00e9 Ejecutivo Nacional (CEN) de MORENA, Diego Hern\u00e1ndez Guti\u00e9rrez, quien trajo la representaci\u00f3n del dirigente nacional de dicho partido, Mario Delgado Carrillo, y donde tambi\u00e9n tom\u00f3 parte el delegado del mismo CEN de MORENA en Tamaulipas, Lucio Ernesto Palacios Cordero. En esa conferencia la nueva dirigente hizo saber que pertenece a su partido desde el 2014 y se calific\u00f3 como una persona transparente, que habla con la verdad, abierta a la cr\u00edtica y en el mejor de los \u00e1nimos de llevar buena relaci\u00f3n con todos. Asegur\u00f3 que con el gobierno estatal de Am\u00e9rico Villarreal Anaya llevar\u00e1 una relaci\u00f3n respetuosa, de sana distancia, pero con obvia colaboraci\u00f3n.<\/p>\n\n\n\n<p>VENDR\u00c1 AMLO EL 1 DE OCTUBRE<br \/>Para el primero de octubre est\u00e1 programado que el Presidente Andr\u00e9s Manuel L\u00f3pez Obrador, visite Tamaulipas. Pero no ser\u00e1 para estar en la toma de protesta de Am\u00e9rico Villarreal Anaya, a celebrarse en Ciudad Victoria, sino que estar\u00e1 en Tampico, donde va a celebrar una gira de trabajo, y es un hecho que Am\u00e9rico lo acompa\u00f1e, en lo que ser\u00e1 su primera actividad ya como gobernador en funciones. Y claro que no dejar\u00e1 de ser representativo que el mandatario nacional venga a la entidad, el mero d\u00eda que toma protesta Villarreal Anaya, ya que no deja de ser un espaldarazo a su persona.<\/p>\n\n\n\n<p>PRESENTA CLCR PROYECTOS EN LA SEDATU<br \/>Todo lo concerniente al proyecto R\u00edo Binacional, as\u00ed como la posibilidad de ampliar el parque de b\u00e9isbol La Junta, fueron presentados por la Presidente Municipal de Nuevo Laredo, Carmen Lilia Canturosas Villarreal, a autoridades de la Secretar\u00eda de Desarrollo Agrario, Territorial y Urbano, esto durante una reuni\u00f3n en la sede de dicha dependencia, durante la gira de trabajo que la semana pasada la alcaldesa llev\u00f3 a efecto en la capital del pa\u00eds. En la reuni\u00f3n estuvieron \u00d3scar Javier Gardu\u00f1o Arredondo, Titular de la Unidad de Planeaci\u00f3n y Desarrollo Institucional de SEDATU y Daniel Octavio Fajardo Ortiz Subsecretario de la misma dependencia, mismos que respaldaron el proyecto R\u00edo Binacional al considerar que tendr\u00e1 un gran impacto para M\u00e9xico y Estados Unidos. Asimismo el Secretario de Obras P\u00fablica, Carlos De Anda Hern\u00e1ndez, plante\u00f3 otros proyectos que se pretenden desarrollar con el respaldo del gobierno federal, entre ellos la ampliaci\u00f3n del parque de b\u00e9isbol La Junta.<\/p>\n\n\n\n<p>SIGUEN ABRI\u00c9NDOSE NEGOCIOS<br \/>El pasado fin de semana la Presidente Municipal de Nuevo Laredo, Carmen Lilia Canturosas Villarreal, inaugur\u00f3 un nuevo restaurante en la ciudad. Se trata de Oisshi Sushi, situado en la plaza comercial Anzures. Cabe destacar que en lo que va del presente a\u00f1o se han abierto alrededor de 140 negocios, entre restaurantes, tiendas de abarrotes, de ropa, papeler\u00edas, panader\u00edas, refaccionarias, ferreter\u00edas y dem\u00e1s, lo cual es una clara muestra del buen desarrollo econ\u00f3mico que est\u00e1 teniendo la ciudad, y que en parte es producto de los respaldos que el gobierno municipal brindan para la instalaci\u00f3n de los establecimientos.<\/p>\n\n\n\n<p>LENTITUD EN EL PUENTE DOS<br \/>De nada sirve que el \u00e1rea de la aduana mexicana en el puente internacional n\u00famero dos \u201cJu\u00e1rez-Lincoln\u201d, tenga 10 carriles para el cruce de veh\u00edculos hacia el lado mexicano, si casi siempre solo est\u00e1n abiertos cuatro, lo cual genera enormes congestionamientos en dicho paso, sobre todo en las tardes, que es cuando regresan quienes van a trabajar all\u00e1 o van de compras. De por s\u00ed el sistema de revisi\u00f3n es lento, pues hay que esperar a que el veh\u00edculo entre al carril y se encienda la luz verde de paso libre o la roja de revisi\u00f3n, y eso conlleva tiempo, y con solo cuatro carriles abiertos, pues nom\u00e1s no se puede. Aparentemente es porque no tienen suficiente personal para atender tantas revisiones, pero es cuesti\u00f3n de que se contraten m\u00e1s elementos, y no retrasen el paso de los automovilistas.<\/p>\n\n\n\n<p>CONMINA RECTOR DE LA UAT A ESTUDIANTES A SER PRODUCTIVOS<br \/>El Rector de la Universidad Aut\u00f3noma de Tamaulipas (UAT), Guillermo Mendoza Cavazos, se reuni\u00f3 en Ciudad Victoria con 1,400 estudiantes que iniciaron sus clases presenciales y a quienes invit\u00f3 a vivir plenamente la experiencia de ser universitarios. El mencionado asegur\u00f3 que la UAT es una instituci\u00f3n comprometida en formar estudiantes y egresados exitosos, luego de subrayar que, con ese objetivo, se propicia que en el transcurso de su carrera puedan contar con los conocimientos, las experiencias y las fortalezas que se requieren en la actualidad, para que, como egresados, incidan en el desarrollo de nuestro estado y de nuestro pa\u00eds. Tambi\u00e9n invit\u00f3 a la nueva generaci\u00f3n de universitarios a que aprovechen al m\u00e1ximo todo lo que conlleva ser estudiante de la UAT, pues disponen de todo un entorno e infraestructura, no solo para su formaci\u00f3n acad\u00e9mica, sino tambi\u00e9n para su formaci\u00f3n integral mediante el desarrollo de actividades extraescolares en la cultura, los deportes y el cuidado del medio ambiente.<\/p>\n\n\n\n<p>LO \u00daLTIMO<br \/>Muchas felicidades a Gast\u00f3n Herrera Arredondo, coordinador de los programas federales, quien este lunes est\u00e1 cumpliendo un a\u00f1o m\u00e1s de vida, lo mismo que al amigo Miguel Ram\u00edrez, asistente del \u00e1rea de regidores, el ingeniero Sa\u00fal Guti\u00e9rrez Soto, del PRI, y al compa\u00f1ero periodista Luis Ignacio Valtierra Hern\u00e1ndez, que de la misma forma celebran su onom\u00e1stico. \u00a1Muchos m\u00e1s d\u00edas de estos para ellos!\u2026 Una nueva tienda Waldo\u00b4s se construye en Reforma casi esquina con Fidel Vel\u00e1squez, y se espera sea inaugurada antes de que culmine el a\u00f1o. A su lado se construyen otros dos locales comerciales\u2026 Para inicios de octubre se espera la inauguraci\u00f3n de la nueva tienda Smart que se construye en Prolongaci\u00f3n Monterrey y Emiliano Zapata, al sur de la ciudad.<\/p>\n","protected":false},"excerpt":{"rendered":"<p>De manera por dem\u00e1s sorpresiva la victorense Yuriria Iturbe V\u00e1zquez fue electa como presidenta del comit\u00e9 directivo estatal del Movimiento de Regeneraci\u00f3n Nacional (MORENA) esto durante el Congreso Estatal de &hellip; <a href=\"http:\/\/revistalaneta.com.mx\/?p=436\" class=\"more-link\">Leer m\u00e1s<\/a><\/p>\n","protected":false},"author":1,"featured_media":435,"comment_status":"open","ping_status":"open","sticky":false,"template":"","format":"standard","meta":{"footnotes":""},"categories":[2],"tags":[],"class_list":["post-436","post","type-post","status-publish","format-standard","has-post-thumbnail","hentry","category-chismorreo","entry"],"_links":{"self":[{"href":"http:\/\/revistalaneta.com.mx\/index.php?rest_route=\/wp\/v2\/posts\/436","targetHints":{"allow":["GET"]}}],"collection":[{"href":"http:\/\/revistalaneta.com.mx\/index.php?rest_route=\/wp\/v2\/posts"}],"about":[{"href":"http:\/\/revistalaneta.com.mx\/index.php?rest_route=\/wp\/v2\/types\/post"}],"author":[{"embeddable":true,"href":"http:\/\/revistalaneta.com.mx\/index.php?rest_route=\/wp\/v2\/users\/1"}],"replies":[{"embeddable":true,"href":"http:\/\/revistalaneta.com.mx\/index.php?rest_route=%2Fwp%2Fv2%2Fcomments&post=436"}],"version-history":[{"count":1,"href":"http:\/\/revistalaneta.com.mx\/index.php?rest_route=\/wp\/v2\/posts\/436\/revisions"}],"predecessor-version":[{"id":437,"href":"http:\/\/revistalaneta.com.mx\/index.php?rest_route=\/wp\/v2\/posts\/436\/revisions\/437"}],"wp:featuredmedia":[{"embeddable":true,"href":"http:\/\/revistalaneta.com.mx\/index.php?rest_route=\/wp\/v2\/media\/435"}],"wp:attachment":[{"href":"http:\/\/revistalaneta.com.mx\/index.php?rest_route=%2Fwp%2Fv2%2Fmedia&parent=436"}],"wp:term":[{"taxonomy":"category","embeddable":true,"href":"http:\/\/revistalaneta.com.mx\/index.php?rest_route=%2Fwp%2Fv2%2Fcategories&post=436"},{"taxonomy":"post_tag","embeddable":true,"href":"http:\/\/revistalaneta.com.mx\/index.php?rest_route=%2Fwp%2Fv2%2Ftags&post=436"}],"curies":[{"name":"wp","href":"https:\/\/api.w.org\/{rel}","templated":true}]}}