{"id":4423,"date":"2023-03-17T03:22:59","date_gmt":"2023-03-17T03:22:59","guid":{"rendered":"http:\/\/revistalaneta.com.mx\/?p=4423"},"modified":"2023-03-17T03:23:10","modified_gmt":"2023-03-17T03:23:10","slug":"entrega-gobernador-documento-de-su-primer-informe-al-presidente-en-madero","status":"publish","type":"post","link":"http:\/\/revistalaneta.com.mx\/?p=4423","title":{"rendered":"Entrega Gobernador documento de su Primer Informe al Presidente en Madero"},"content":{"rendered":"\n<p><\/p>\n\n\n\n<p>Ciudad Madero, Tamps.- En el marco de su visita a la refiner\u00eda Francisco I. Madero, el presidente Andr\u00e9s Manuel L\u00f3pez Obrador recibi\u00f3 de manos del gobernador Am\u00e9rico Villarreal Anaya, el documento de su Primer Informe de Gobierno.<\/p>\n\n\n\n<p>El presidente L\u00f3pez Obrador estuvo acompa\u00f1ado de la secretaria de Energ\u00eda, Rocio Nahle Garc\u00eda y del director de Pemex, Octavio Romero Oropeza para efectuar una reuni\u00f3n de evaluaci\u00f3n de los trabajos que llevar\u00e1n a este centro refinador, a producir a fin de a\u00f1o, 160 mil barriles diarios de petr\u00f3leo.<\/p>\n\n\n\n<p>Esto, despu\u00e9s de tres a\u00f1os de intenso trabajo que llevaron a reactivar a la refiner\u00eda m\u00e1s antig\u00fca del pa\u00eds.<\/p>\n\n\n\n<p>El presidente afirm\u00f3 que la Federaci\u00f3n mantendr\u00e1 todo su apoyo a Tamaulipas y a los proyectos que el gobernador Villarreal Anaya le ha presentado.<\/p>\n\n\n\n<p>Tambi\u00e9n refrend\u00f3 al gobernador toda su confianza al trabajo que est\u00e1 realizando: \u201cVas muy bien y tienes todo mi confianza\u201d, le expres\u00f3 el mandatario.<\/p>\n\n\n\n<p>Al final de la reuni\u00f3n, el Gobernador junto al presidente L\u00f3pez Obrador, saludaron y se tomaron fotograf\u00edas con las y los obreros de la Refiner\u00eda Francisco I. Madero.<\/p>\n","protected":false},"excerpt":{"rendered":"<p>Ciudad Madero, Tamps.- En el marco de su visita a la refiner\u00eda Francisco I. Madero, el presidente Andr\u00e9s Manuel L\u00f3pez Obrador recibi\u00f3 de manos del gobernador Am\u00e9rico Villarreal Anaya, el &hellip; <a href=\"http:\/\/revistalaneta.com.mx\/?p=4423\" class=\"more-link\">Leer m\u00e1s<\/a><\/p>\n","protected":false},"author":1,"featured_media":4422,"comment_status":"open","ping_status":"open","sticky":false,"template":"","format":"standard","meta":{"footnotes":""},"categories":[7],"tags":[],"class_list":["post-4423","post","type-post","status-publish","format-standard","has-post-thumbnail","hentry","category-ciudad-victoria","entry"],"_links":{"self":[{"href":"http:\/\/revistalaneta.com.mx\/index.php?rest_route=\/wp\/v2\/posts\/4423","targetHints":{"allow":["GET"]}}],"collection":[{"href":"http:\/\/revistalaneta.com.mx\/index.php?rest_route=\/wp\/v2\/posts"}],"about":[{"href":"http:\/\/revistalaneta.com.mx\/index.php?rest_route=\/wp\/v2\/types\/post"}],"author":[{"embeddable":true,"href":"http:\/\/revistalaneta.com.mx\/index.php?rest_route=\/wp\/v2\/users\/1"}],"replies":[{"embeddable":true,"href":"http:\/\/revistalaneta.com.mx\/index.php?rest_route=%2Fwp%2Fv2%2Fcomments&post=4423"}],"version-history":[{"count":1,"href":"http:\/\/revistalaneta.com.mx\/index.php?rest_route=\/wp\/v2\/posts\/4423\/revisions"}],"predecessor-version":[{"id":4424,"href":"http:\/\/revistalaneta.com.mx\/index.php?rest_route=\/wp\/v2\/posts\/4423\/revisions\/4424"}],"wp:featuredmedia":[{"embeddable":true,"href":"http:\/\/revistalaneta.com.mx\/index.php?rest_route=\/wp\/v2\/media\/4422"}],"wp:attachment":[{"href":"http:\/\/revistalaneta.com.mx\/index.php?rest_route=%2Fwp%2Fv2%2Fmedia&parent=4423"}],"wp:term":[{"taxonomy":"category","embeddable":true,"href":"http:\/\/revistalaneta.com.mx\/index.php?rest_route=%2Fwp%2Fv2%2Fcategories&post=4423"},{"taxonomy":"post_tag","embeddable":true,"href":"http:\/\/revistalaneta.com.mx\/index.php?rest_route=%2Fwp%2Fv2%2Ftags&post=4423"}],"curies":[{"name":"wp","href":"https:\/\/api.w.org\/{rel}","templated":true}]}}