{"id":4429,"date":"2023-03-17T06:11:40","date_gmt":"2023-03-17T06:11:40","guid":{"rendered":"http:\/\/revistalaneta.com.mx\/?p=4429"},"modified":"2023-03-17T06:11:58","modified_gmt":"2023-03-17T06:11:58","slug":"celebrara-comapa-dia-mundial-del-agua-con-semana-de-actividades","status":"publish","type":"post","link":"http:\/\/revistalaneta.com.mx\/?p=4429","title":{"rendered":"Celebrar\u00e1 COMAPA &#8220;D\u00eda Mundial del Agua&#8221; con semana de actividades"},"content":{"rendered":"\n<p><\/p>\n\n\n\n<p>Nuevo Laredo, Tamps.-<br \/>En el marco de la trig\u00e9sima conmemoraci\u00f3n del D\u00eda Mundial del Agua que se lleva a cabo este 22 de marzo, la Comisi\u00f3n Municipal de Agua Potable y Alcantarillado (COMAPA), dar\u00e1 inicio con la semana de actividades de celebraci\u00f3n del martes 21 al viernes 24 de marzo en diferentes planteles educativos.<\/p>\n\n\n\n<p>Este a\u00f1o el lema es \u201cLa importancia del agua\u201d, para lo cual el martes 21 de marzo a las 9:00 de la ma\u00f1ana se realizar\u00e1n visitas guiadas a las instalaciones de las plantas Potabilizadora Suroriente y la PITAR a 60 estudiantes del colegio Santa Luc\u00eda y a las 3:00 de la tarde se recibir\u00e1n a 30 estudiantes del CONALEP.<\/p>\n\n\n\n<p>El mi\u00e9rcoles 22, en punto de las 9:00 de la ma\u00f1ana, de nueva cuenta se tendr\u00e1 visita estudiantil en las plantas antes mencionadas, en esta ocasi\u00f3n de la Escuela Primaria Ignacio M. Altamirano.<\/p>\n\n\n\n<p>Para las 3:00 de la tarde se llevar\u00e1 a cabo el evento conmemorativo en la planta Internacional de Tratamiento y Aguas Residuales, donde se contar\u00e1 con la presencia de la presidenta municipal Carmen Lilia Canturosas.<\/p>\n\n\n\n<p>En este evento tambi\u00e9n se contar\u00e1 con la presencia de miembros de la C\u00e1mara Nacional de la Industria de Restaurantes y Alimentos Condimentados (CANIRAC), del Colegio de Ingenieros Civiles, Colegio de Arquitectos, alumnos del Tecnol\u00f3gico de Nuevo Laredo, Asociaci\u00f3n Mexicana de Profesionales Inmobiliarios (AMPI) y de la C\u00e1mara Mexicana de la Industria de la Construcci\u00f3n (CMIC).<\/p>\n\n\n\n<p>El jueves 23 continuar\u00e1n los recorridos por las instalaciones de la Planta Suroriente y PITAR con los alumnos de sexto grado de la Escuela Primaria Revoluci\u00f3n a partir de las 9:00 de la ma\u00f1ana y a las 3:00 de la tarde se presentar\u00e1n los estudiantes de la Escuela Preparatoria Jos\u00e9 Vasconcelos.<\/p>\n\n\n\n<p>Como clausura de las actividades conmemorativas, el viernes 24, a las 11:00 de la ma\u00f1ana, se impartir\u00e1n conferencias en las instalaciones de la Universidad Tecnol\u00f3gica de Nuevo Laredo (UT), impartidas por el Q.F.B. Jorge Guzm\u00e1n y el Ing. Luis Alfonso de Anda Valadez referentes a la potabilizaci\u00f3n del agua y su posterior tratamiento.<\/p>\n\n\n\n<p>Para el cierre de actividades del D\u00eda Mundial del Agua a las 3:00 de la tarde, se ofrecer\u00e1 una conferencia a los alumnos del Tecnol\u00f3gico de Nuevo Laredo.<\/p>\n\n\n\n<p>La Gerente General de COMAPA, Silvia Fern\u00e1ndez Gallardo agradeci\u00f3 a los organismos educativos y Asociaciones Civiles por su participaci\u00f3n en la semana de actividades, cuyo prop\u00f3sito es que todos tengamos presente la importancia del uso correcto del agua y su cuidado.<\/p>\n","protected":false},"excerpt":{"rendered":"<p>Nuevo Laredo, Tamps.-En el marco de la trig\u00e9sima conmemoraci\u00f3n del D\u00eda Mundial del Agua que se lleva a cabo este 22 de marzo, la Comisi\u00f3n Municipal de Agua Potable y &hellip; <a href=\"http:\/\/revistalaneta.com.mx\/?p=4429\" class=\"more-link\">Leer m\u00e1s<\/a><\/p>\n","protected":false},"author":1,"featured_media":4428,"comment_status":"open","ping_status":"open","sticky":false,"template":"","format":"standard","meta":{"footnotes":""},"categories":[4],"tags":[],"class_list":["post-4429","post","type-post","status-publish","format-standard","has-post-thumbnail","hentry","category-nuevo-laredo","entry"],"_links":{"self":[{"href":"http:\/\/revistalaneta.com.mx\/index.php?rest_route=\/wp\/v2\/posts\/4429","targetHints":{"allow":["GET"]}}],"collection":[{"href":"http:\/\/revistalaneta.com.mx\/index.php?rest_route=\/wp\/v2\/posts"}],"about":[{"href":"http:\/\/revistalaneta.com.mx\/index.php?rest_route=\/wp\/v2\/types\/post"}],"author":[{"embeddable":true,"href":"http:\/\/revistalaneta.com.mx\/index.php?rest_route=\/wp\/v2\/users\/1"}],"replies":[{"embeddable":true,"href":"http:\/\/revistalaneta.com.mx\/index.php?rest_route=%2Fwp%2Fv2%2Fcomments&post=4429"}],"version-history":[{"count":1,"href":"http:\/\/revistalaneta.com.mx\/index.php?rest_route=\/wp\/v2\/posts\/4429\/revisions"}],"predecessor-version":[{"id":4430,"href":"http:\/\/revistalaneta.com.mx\/index.php?rest_route=\/wp\/v2\/posts\/4429\/revisions\/4430"}],"wp:featuredmedia":[{"embeddable":true,"href":"http:\/\/revistalaneta.com.mx\/index.php?rest_route=\/wp\/v2\/media\/4428"}],"wp:attachment":[{"href":"http:\/\/revistalaneta.com.mx\/index.php?rest_route=%2Fwp%2Fv2%2Fmedia&parent=4429"}],"wp:term":[{"taxonomy":"category","embeddable":true,"href":"http:\/\/revistalaneta.com.mx\/index.php?rest_route=%2Fwp%2Fv2%2Fcategories&post=4429"},{"taxonomy":"post_tag","embeddable":true,"href":"http:\/\/revistalaneta.com.mx\/index.php?rest_route=%2Fwp%2Fv2%2Ftags&post=4429"}],"curies":[{"name":"wp","href":"https:\/\/api.w.org\/{rel}","templated":true}]}}