{"id":451,"date":"2022-08-30T03:38:27","date_gmt":"2022-08-30T03:38:27","guid":{"rendered":"http:\/\/revistalaneta.com.mx\/?p=451"},"modified":"2022-08-30T03:38:41","modified_gmt":"2022-08-30T03:38:41","slug":"carmen-lilia-inauguro-ciclo-escolar","status":"publish","type":"post","link":"http:\/\/revistalaneta.com.mx\/?p=451","title":{"rendered":"CARMEN LILIA INAUGUR\u00d3 CICLO ESCOLAR"},"content":{"rendered":"\n<p><\/p>\n\n\n\n<p>-Reitera apoyo a la educaci\u00f3n<\/p>\n\n\n\n<p>-Am\u00e9rico Villarreal denuncia saqueo en oficinas estatales<\/p>\n\n\n\n<p>Tiempo de opinar<\/p>\n\n\n\n<p>Ra\u00fal Hern\u00e1ndez Moreno<\/p>\n\n\n\n<p>El gobernador electo, Am\u00e9rico Villarreal Anaya denunci\u00f3 este d\u00eda que hay un saqueo de bienes materiales en diversas oficinas p\u00fablicas del Estado e hizo un llamado a los bur\u00f3cratas para que vigilen sus centros de trabajo y denuncien las irregularidades que detecten.<\/p>\n\n\n\n<p>Adem\u00e1s,&nbsp; dijo que la&nbsp; falta de coordinaci\u00f3n entre el gobierno del estado y el federal se tradujo en afectaciones para los tamaulipecos.<\/p>\n\n\n\n<p>Y es que durante los \u00faltimos cuatro a\u00f1os, Francisco Cabeza de Vaca se la pas\u00f3 peleando con el Presidente Andr\u00e9s Manuel L\u00f3pez Obrador, en su sue\u00f1o guajiro de ser candidato presidencial.<\/p>\n\n\n\n<p>En su soberbia crey\u00f3 que pod\u00eda doblar al Presidente y alent\u00f3 la creaci\u00f3n de la Alianza Federalista para formar un bloque Anti-Amlo, pero los gobernadores&nbsp; fueron desertando poco a poco, hasta que lo dejaron solo.<\/p>\n\n\n\n<p>Tambi\u00e9n se neg\u00f3 a que Tamaulipas formara parte del Insabin y esto se tradujo en un sistema de salud que es una porquer\u00eda, y en el cual los m\u00e1s afectados con los pobres, porque la clase alta y la media, acuden a la medicina privada.<\/p>\n\n\n\n<p>A partir del 1 de octubre, Tamaulipas tendr\u00e1 un Presidente amigo y esto se va a traducir en mejoraras para los tamaulipecos, aunque todo ser\u00e1 paulatinamente, pues Am\u00e9rico&nbsp; heredar\u00e1 un Estado saqueado, desmantelado, quebrado y con una deuda que creci\u00f3 exponencialmente en estos \u00faltimos seis a\u00f1os.<\/p>\n\n\n\n<p>Am\u00e9rico tiene excelentes relaciones con los secretarios de estado&nbsp; y habr\u00e1 mucho apoyo para Tamaulipas.<\/p>\n\n\n\n<p>Por otra parte, la presidenta municipal Carmen Lilia Canturosas declarpo inaugurado el ciclo escolar 2022-2023, durante una ceremonia en la preparatoria municipal Jos\u00e9 Vasconcelos.<\/p>\n\n\n\n<p>\u201cHoy estamos iniciando el ciclo escolar 2022-2023, que sin lugar a dudas quedar\u00e1 plasmado en la historia, porque despu\u00e9s de dos a\u00f1os de trabajar a distancia hoy ni\u00f1os, ni\u00f1as y j\u00f3venes regresan a sus aulas de forma presencial para iniciar un nuevo a\u00f1o escolar\u201d, se\u00f1al\u00f3 la alcaldesa antes de tocar el timbre oficial de entrada para la comunidad estudiantil.<\/p>\n\n\n\n<p>Reiter\u00f3 que eesde el primer d\u00eda de su &nbsp;administraci\u00f3n la educaci\u00f3n ha sido una&nbsp; prioridad y&nbsp; es por ello que se han &nbsp;destinado recursos de forma transparente y bajo un plan estrat\u00e9gico.<\/p>\n\n\n\n<p>Al tiempo de reiterar el apoyo a la educaci\u00f3n con obras para el mantenimiento de los inmuebles, as\u00ed como las becas \u201cNueva Era\u201d para estudiantes de escasos recursos, la alcaldesa reconoci\u00f3 el trabajo de los maestros, que representan el pilar que sostiene la educaci\u00f3n en favor de los m\u00e1s de 100 mil estudiantes existentes en la ciudad en todos los niveles.<\/p>\n\n\n\n<p>\u201cEstamos comprometidos con la educaci\u00f3n de nuestras ni\u00f1as, ni\u00f1os y j\u00f3venes, no descansaremos hasta que Nuevo Laredo tenga la infraestructura educativa que merece, la transformaci\u00f3n inicia aqu\u00ed y la Nueva Era est\u00e1 avanzando. Juntos somos el Nuevo Coraz\u00f3n de Tamaulipas\u201d, enfatiz\u00f3 la presidenta municipal.<\/p>\n\n\n\n<p>El Secretario de Educaci\u00f3n, Cultura y Deporte Municipal, H\u00e9ctor Adolfo Mondrag\u00f3n Mass, resalt\u00f3 que despu\u00e9s de la tromba de mayo del 2021 todas las escuelas resultaron afectadas y la rehabilitaci\u00f3n de la infraestructura educativa fue una instrucci\u00f3n primordial de la presidenta municipal.<\/p>\n\n\n\n<p>Ante el regreso a clases, el Gobierno Municipal, a trav\u00e9s de la&nbsp; Direcci\u00f3n de Salud estableci\u00f3 filtros sanitarios en 24 distintas escuelas de nivel preescolar hasta media superior, con el fin de detectar posibles contagios por&nbsp; Covid 19.<\/p>\n\n\n\n<p>Por otro lado, con la renovaci\u00f3n de la dirigencia estatal de Morena, por fin el partido guinda se deshizo del profesor Enrique Torres, quien durante el tiempo que&nbsp; dur\u00f3 al frente del mismo, lo \u00fanico que hizo fue obstaculizar el crecimiento de la instituci\u00f3n.<\/p>\n\n\n\n<p>Lo peor es que no acepto la candidatura de Am\u00e9rico Villarreal y se ali\u00f3 con Cabeza de Vaca, para intentar&nbsp; da\u00f1ar la imagen del hoy gobernador.<\/p>\n\n\n\n<p>Torres merece ser expulsado de Morena por su traici\u00f3n, aunque eso ser\u00eda engrandecerlo. Lo mejor es ignorarlo, aislarlo, no prestarle atenci\u00f3n. El olvido, es el mejor &nbsp;castigo. Ahora, que lo mejor ser\u00eda &nbsp;que \u00e9l mismo renuncie a Morena, aunque para su mala suerte al PAN se le acaba la caja de las galletas y no hay forma de pagarle para que renuncie p\u00fablicamente, con porras de por medio, de parte de la prensa cabecista.<\/p>\n","protected":false},"excerpt":{"rendered":"<p>-Reitera apoyo a la educaci\u00f3n -Am\u00e9rico Villarreal denuncia saqueo en oficinas estatales Tiempo de opinar Ra\u00fal Hern\u00e1ndez Moreno El gobernador electo, Am\u00e9rico Villarreal Anaya denunci\u00f3 este d\u00eda que hay un &hellip; <a href=\"http:\/\/revistalaneta.com.mx\/?p=451\" class=\"more-link\">Leer m\u00e1s<\/a><\/p>\n","protected":false},"author":1,"featured_media":450,"comment_status":"open","ping_status":"open","sticky":false,"template":"","format":"standard","meta":{"footnotes":""},"categories":[2,3],"tags":[],"class_list":["post-451","post","type-post","status-publish","format-standard","has-post-thumbnail","hentry","category-chismorreo","category-opinion","entry"],"_links":{"self":[{"href":"http:\/\/revistalaneta.com.mx\/index.php?rest_route=\/wp\/v2\/posts\/451","targetHints":{"allow":["GET"]}}],"collection":[{"href":"http:\/\/revistalaneta.com.mx\/index.php?rest_route=\/wp\/v2\/posts"}],"about":[{"href":"http:\/\/revistalaneta.com.mx\/index.php?rest_route=\/wp\/v2\/types\/post"}],"author":[{"embeddable":true,"href":"http:\/\/revistalaneta.com.mx\/index.php?rest_route=\/wp\/v2\/users\/1"}],"replies":[{"embeddable":true,"href":"http:\/\/revistalaneta.com.mx\/index.php?rest_route=%2Fwp%2Fv2%2Fcomments&post=451"}],"version-history":[{"count":1,"href":"http:\/\/revistalaneta.com.mx\/index.php?rest_route=\/wp\/v2\/posts\/451\/revisions"}],"predecessor-version":[{"id":452,"href":"http:\/\/revistalaneta.com.mx\/index.php?rest_route=\/wp\/v2\/posts\/451\/revisions\/452"}],"wp:featuredmedia":[{"embeddable":true,"href":"http:\/\/revistalaneta.com.mx\/index.php?rest_route=\/wp\/v2\/media\/450"}],"wp:attachment":[{"href":"http:\/\/revistalaneta.com.mx\/index.php?rest_route=%2Fwp%2Fv2%2Fmedia&parent=451"}],"wp:term":[{"taxonomy":"category","embeddable":true,"href":"http:\/\/revistalaneta.com.mx\/index.php?rest_route=%2Fwp%2Fv2%2Fcategories&post=451"},{"taxonomy":"post_tag","embeddable":true,"href":"http:\/\/revistalaneta.com.mx\/index.php?rest_route=%2Fwp%2Fv2%2Ftags&post=451"}],"curies":[{"name":"wp","href":"https:\/\/api.w.org\/{rel}","templated":true}]}}