{"id":460,"date":"2022-08-30T03:44:45","date_gmt":"2022-08-30T03:44:45","guid":{"rendered":"http:\/\/revistalaneta.com.mx\/?p=460"},"modified":"2022-08-30T03:45:12","modified_gmt":"2022-08-30T03:45:12","slug":"recibe-el-pan-otro-reves-del-trieltam","status":"publish","type":"post","link":"http:\/\/revistalaneta.com.mx\/?p=460","title":{"rendered":"RECIBE EL PAN OTRO REV\u00c9S DEL TRIELTAM"},"content":{"rendered":"\n<p>El Tribunal Electoral de Tamaulipas (TRIELTAM) \u201cdio palo\u201d al \u201cagandalle\u201d que en su momento hicieron diputados locales del Partido Acci\u00f3n Nacional (PAN) de la Comisi\u00f3n Permanente del Congreso del Estado, al considerar invalida la integraci\u00f3n de la misma. Fue en la sesi\u00f3n p\u00fablica no presencial n\u00famero 17 celebrada este lunes, en que se atendieron las denuncias por violaci\u00f3n de derechos pol\u00edticos que fueron interpuestas por los diputados locales de MORENA, Gabriela Regalado Fuentes, Marco Antonio Gallegos Galv\u00e1n y \u00darsula Patricia Salazar Mojica, as\u00ed como por el diputado local Gustavo C\u00e1rdenas Guti\u00e9rrez, del Movimiento Ciudadano (MC), bajo los recursos ciudadanos TRDC-34-2022 y TRDC-35-2022, y donde impugnaron las decisiones que se tomaron en el Congreso del Estado en la sesi\u00f3n del 30 de junio del 2022 y que se prolong\u00f3 hasta la madrugada del 1 de julio, y donde los legisladores panistas decidieron por su propia cuenta quedarse con la presidencia de la sesi\u00f3n permanente, en la persona del diputado F\u00e9lix Fernando Garc\u00eda Aguiar.<\/p>\n\n\n\n<p>CUATRO VOTOS CONTRA UNO<br \/>En el caso de los diputados Marco Antonio Gallegos Galv\u00e1n y Gabriela Regalado Fuentes, acusaron que se les violaron sus derechos al no permitirles integrar la Comisi\u00f3n Permanente, lo cual les correspond\u00eda, en tanto que \u00darsula Salazar Mojica y Gustavo C\u00e1rdenas Guti\u00e9rrez, acusaron que se les neg\u00f3 el derecho de votar y participar en la sesi\u00f3n referida. Ante esto correspondi\u00f3 al Magistrado Edgar Iv\u00e1n Arroyo Villarreal dar la raz\u00f3n a los inconformes, siendo apoyado en su ponencia por los tambi\u00e9n Magistrados Ren\u00e9 Osiris S\u00e1nchez Rivas, Edgar Dan\u00e9s Rojas y Gloria Graciela Reyna Hagelsieb, en tanto que solo la Magistrada Presidenta, Blanca Hern\u00e1ndez Rojas, estuvo en contra del resolutivo, pero obviamente por mayor\u00eda de votos este fue aprobado. De esta manera el TRIELTAM dictamina la disoluci\u00f3n de la Comisi\u00f3n Permanente del Congreso del Estado. No obstante habr\u00e1 que ver qu\u00e9 recurso de apelaci\u00f3n sacan los diputados locales panistas, pues de antemano han alegado que el TRIELTAM no tiene injerencia en el Congreso del Estado, aunque los Magistrados aseguran que s\u00ed la tienen.<\/p>\n\n\n\n<p>LAMENTA AVA DISTANCIAMIENTO CON LA FEDERACI\u00d3N<br \/>En conferencia de prensa el gobernador electo de Tamaulipas, Am\u00e9rico Villarreal lament\u00f3 el desinter\u00e9s, la falta de coordinaci\u00f3n y de voluntad pol\u00edtica del actual gobierno del estado en su relaci\u00f3n con el federal, lo que manifest\u00f3 caus\u00f3 un deterioro de la calidad de vida de los tamaulipecos y provoc\u00f3 que se agudizaran los problemas sociales. En este tenor el pr\u00f3ximo mandatario estatal manifest\u00f3 que desde hace varias semanas ha sostenido una intensa agenda de trabajo con miembros del gabinete federal a fin de estrechar lazos, coordinarse y producir la mejor sinergia para beneficio del pueblo de Tamaulipas. Asegur\u00f3 que existe una gran relaci\u00f3n de respeto y una total disposici\u00f3n del Gobierno de M\u00e9xico y por supuesto, del presidente Andr\u00e9s Manuel L\u00f3pez Obrador de apoyar a Tamaulipas lo que permitir\u00e1 reconstruir la relaci\u00f3n de cooperaci\u00f3n mutua.<\/p>\n\n\n\n<p>PRESIDE CLCR CEREMONIA DE REGRESO A CLASES<br \/>La ceremonia oficial de regreso a clases en Nuevo Laredo se llev\u00f3 a cabo en la Escuela Preparatoria Municipal \u201cJos\u00e9 Vasconcelos\u201d y fue encabezada por la Presidenta Municipal, Carmen Lilia Canturosas Villarreal, quien estuvo acompa\u00f1ada por miembros del Cabildo y funcionarios municipales. De hecho ah\u00ed mismo se celebraron los tradicionales Honores a la Bandera de los lunes, y de paso se dio inici\u00f3 al nuevo ciclo escolar. En su mensaje ante la comunidad estudiantil la alcaldesa neolaredense refrend\u00f3 su apoyo a la educaci\u00f3n con programas como la beca \u201cNueva Era\u201d y la inversi\u00f3n en infraestructura en las escuelas da\u00f1adas por la tromba de mayo del 2021, as\u00ed como el mantenimiento total de escuelas como justamente las preparatorias municipales.<\/p>\n\n\n\n<p>CAOS VIAL EN LAS ESCUELAS<br \/>Y con el regreso a clases regres\u00f3 tambi\u00e9n el caos vial en muchas \u00e1reas de la ciudad, principalmente en zonas escolares. Y esta situaci\u00f3n se da m\u00e1s que nada a la salida de los planteles, ya que desafortunadamente prevalecen los padres de familia que aplican el \u201cvalemadrismo\u201d y se paran en doble fila a esperar a sus chamacos a la salida, mientras los huercos andan jugando o \u201cnoviando\u201d dentro de la escuela, y con ello se genera un intenso congestionamiento vial. Y aunque las autoridades de Tr\u00e1nsito Municipal, a cargo ahora de Armando De la Torre Toledo, est\u00e1n exhortando a los directores de escuelas donde se dan embotellamientos a pedir agentes viales para asistir en el tr\u00e1fico, la verdad es que los oficiales de tr\u00e1nsito no se dan abasto. Lo mejor es ser m\u00e1s conscientes y no causar los caos viales, pero se entiende que a la mayor\u00eda le vale gorro.<\/p>\n\n\n\n<p>CONTIN\u00daA EL GRAN TRABAJO EN LA UNIVERSIDAD TECNOL\u00d3GICA<br \/>De todos es sabido que dentro de poco habr\u00e1 cambios en todo el organigrama estatal, incluyendo la Universidad Tecnol\u00f3gica de Nuevo Laredo (UTNL) que depende directamente de la Secretar\u00eda de Educaci\u00f3n de Tamaulipas (SET). Pero pese a ello, el Rector de dicha casa de estudios, Alfonso Salas P\u00e9rez, contin\u00faa trabajando como al inicio de su administraci\u00f3n, y prueba de ello es que de momento se levanta una estructura met\u00e1lica para colocar una malla sombra en el pasillo principal de la instituci\u00f3n, as\u00ed como tambi\u00e9n se labora en la instalaci\u00f3n de un equipo de riego para los jardines. As\u00ed pues de reconocerse la labor de \u201cPoncho\u201d Salas, quien sigue cumpliendo como el primer d\u00eda de su encomienda.<\/p>\n\n\n\n<p>NOS INVADEN LOS HAITIANOS<br \/>Ya son demasiados los haitianos que pululan por Nuevo Laredo, a la espera de ser llamados por las autoridades de la aduana americana para que se les informe si les van a permitir ingresar a los Estados Unidos o en su caso son rechazados. Pero por mientras y por lo tanto est\u00e1n en la ciudad, y han saturado todos los albergues e incluso ya hasta se han estado metiendo a casas abandonadas y dem\u00e1s sitios en desuso. Por ejemplo al norponiente inicialmente se guarecieron en un centro cristiano ubicado en la cuadra 68 de Tarahumaras, pero como ya no cab\u00edan algunos se fueron a meter a los locales del viejo mercado de Tarahumaras y Carlos Ozuna, que ya tiene a\u00f1os en el abandono. En este sentido ya hay vecinos del sector que se quejan de su presencia, esto pese a que no son problem\u00e1ticos. El \u00fanico detalle es que les gusta caminar en medio de la calle, y los automovilistas les pitan para que se hagan a un lado. Si alguien habla franc\u00e9s d\u00edganles que usen las banquetas.<\/p>\n\n\n\n<p>LO \u00daLTIMO<br \/>Muchas felicidades al arquitecto Gerardo \u00c1lvarez Moreno, quien este martes cumple un a\u00f1o m\u00e1s de vida\u2026 Nuevamente hay pesar en el \u00e1mbito period\u00edstico ante el lamentable deceso del compa\u00f1ero, amigo y maestro, Dami\u00e1n Avi\u00f1a Palomino, quien por muchos a\u00f1os colaborara en el peri\u00f3dico El Diario, donde de hecho lo conoc\u00ed y trabaj\u00e9 a su lado. Siempre tuvo palabras de afecto hacia mi persona, as\u00ed como me dio m\u00faltiples ense\u00f1anzas. Se le va a extra\u00f1ar. \u00a1Descanse en paz!\u2026 Delicado de salud se encuentra el regidor Jorge Valdez Vargas, como consecuencia de un a\u00f1ejo padecimiento que se le ha ido agravando. Se est\u00e1 en oraci\u00f3n por \u00e9l\u2026 De pleito andan el s\u00edndico Jes\u00fas Jasso Montemayor y el Secretario del Ayuntamiento, Juan \u00c1ngel Mart\u00ednez Salazar, luego de un desacuerdo que tuvieron la semana pasada en los Honores a la Bandera. Y todo por \u201cpicudencias\u201d.<\/p>\n","protected":false},"excerpt":{"rendered":"<p>El Tribunal Electoral de Tamaulipas (TRIELTAM) \u201cdio palo\u201d al \u201cagandalle\u201d que en su momento hicieron diputados locales del Partido Acci\u00f3n Nacional (PAN) de la Comisi\u00f3n Permanente del Congreso del Estado, &hellip; <a href=\"http:\/\/revistalaneta.com.mx\/?p=460\" class=\"more-link\">Leer m\u00e1s<\/a><\/p>\n","protected":false},"author":1,"featured_media":459,"comment_status":"open","ping_status":"open","sticky":false,"template":"","format":"standard","meta":{"footnotes":""},"categories":[2,3],"tags":[],"class_list":["post-460","post","type-post","status-publish","format-standard","has-post-thumbnail","hentry","category-chismorreo","category-opinion","entry"],"_links":{"self":[{"href":"http:\/\/revistalaneta.com.mx\/index.php?rest_route=\/wp\/v2\/posts\/460","targetHints":{"allow":["GET"]}}],"collection":[{"href":"http:\/\/revistalaneta.com.mx\/index.php?rest_route=\/wp\/v2\/posts"}],"about":[{"href":"http:\/\/revistalaneta.com.mx\/index.php?rest_route=\/wp\/v2\/types\/post"}],"author":[{"embeddable":true,"href":"http:\/\/revistalaneta.com.mx\/index.php?rest_route=\/wp\/v2\/users\/1"}],"replies":[{"embeddable":true,"href":"http:\/\/revistalaneta.com.mx\/index.php?rest_route=%2Fwp%2Fv2%2Fcomments&post=460"}],"version-history":[{"count":1,"href":"http:\/\/revistalaneta.com.mx\/index.php?rest_route=\/wp\/v2\/posts\/460\/revisions"}],"predecessor-version":[{"id":461,"href":"http:\/\/revistalaneta.com.mx\/index.php?rest_route=\/wp\/v2\/posts\/460\/revisions\/461"}],"wp:featuredmedia":[{"embeddable":true,"href":"http:\/\/revistalaneta.com.mx\/index.php?rest_route=\/wp\/v2\/media\/459"}],"wp:attachment":[{"href":"http:\/\/revistalaneta.com.mx\/index.php?rest_route=%2Fwp%2Fv2%2Fmedia&parent=460"}],"wp:term":[{"taxonomy":"category","embeddable":true,"href":"http:\/\/revistalaneta.com.mx\/index.php?rest_route=%2Fwp%2Fv2%2Fcategories&post=460"},{"taxonomy":"post_tag","embeddable":true,"href":"http:\/\/revistalaneta.com.mx\/index.php?rest_route=%2Fwp%2Fv2%2Ftags&post=460"}],"curies":[{"name":"wp","href":"https:\/\/api.w.org\/{rel}","templated":true}]}}