{"id":463,"date":"2022-08-31T02:27:16","date_gmt":"2022-08-31T02:27:16","guid":{"rendered":"http:\/\/revistalaneta.com.mx\/?p=463"},"modified":"2022-08-31T02:27:23","modified_gmt":"2022-08-31T02:27:23","slug":"encabeza-alcaldesa-capacitacion-en-perspectiva-de-genero","status":"publish","type":"post","link":"http:\/\/revistalaneta.com.mx\/?p=463","title":{"rendered":"Encabeza Alcaldesa capacitaci\u00f3n en perspectiva de g\u00e9nero"},"content":{"rendered":"\n<p><\/p>\n\n\n\n<p>Nuevo Laredo, Tamps.- La alcaldesa, Carmen Lilia Canturosas Villarreal junto al cabildo, recibieron la primera capacitaci\u00f3n del \u201cProyecto de Fortalecimiento de las Capacidades Organizacionales, Operativas y T\u00e9cnicas del Instituto Municipal de la Mujer (INMUJER) de Nuevo Laredo\u201d.<\/p>\n\n\n\n<p>Durante una hora, el pasado lunes 29 de agosto, el personal del INMUJER, en coordinaci\u00f3n con mujeres expertas en la materia de psicolog\u00eda, impartieron el curso de \u201cDerechos Humanos\u201d; posteriormente recibir\u00e1n el segundo tema que abarca la Perspectiva de G\u00e9nero.<\/p>\n\n\n\n<p>La presidenta municipal inform\u00f3 que el objetivo es generar cambios de importancia en el desempe\u00f1o de la funci\u00f3n p\u00fablica y reconocer el esfuerzo laboral y los derechos humanos.<\/p>\n\n\n\n<p>\u201cCon estas acciones reforzamos el compromiso de trabajar por el bienestar de todas; las mujeres somos agentes de cambio y seguiremos democratizando la productividad, para consolidar un Gobierno de resultados con perspectiva de g\u00e9nero\u201d, se\u00f1al\u00f3 la presidenta Carmen Lilia Canturosas Villarreal.<\/p>\n\n\n\n<p>La directora del INMUJER, Cynthia Rodr\u00edguez Leija, explic\u00f3 que para lograr una buena transversalizaci\u00f3n, es necesario empezar por capacitar a quienes gobiernan y rigen la ciudad.<\/p>\n\n\n\n<p>\u201cDespu\u00e9s continuaremos con los secretarios y las dependencias municipales, capacitaremos a todo el funcionariado p\u00fablico, as\u00ed como la ciudadan\u00eda y sociedad civil; esta serie de pl\u00e1ticas de concientizaci\u00f3n se impartir\u00e1n hasta octubre\u201d, indic\u00f3.<\/p>\n\n\n\n<p>Las dos capacitadoras que lideran estos talleres son: Jocelyn Lozano, psic\u00f3loga especializada en primeros auxilios sicol\u00f3gicos y atenci\u00f3n a mujeres en situaci\u00f3n de violencia, mientras que Elizabeth Mu\u00f1oz, se encarga de la perspectiva de g\u00e9nero y derechos humanos.<\/p>\n\n\n\n<p>Se impartir\u00e1n otros 4 talleres gracias a que el INMUJER fue seleccionado, mediante una convocatoria federal, para recibir el recurso del programa \u201cFortalecimiento de Transversalidad de Perspectiva de G\u00e9nero\u201d.<\/p>\n","protected":false},"excerpt":{"rendered":"<p>Nuevo Laredo, Tamps.- La alcaldesa, Carmen Lilia Canturosas Villarreal junto al cabildo, recibieron la primera capacitaci\u00f3n del \u201cProyecto de Fortalecimiento de las Capacidades Organizacionales, Operativas y T\u00e9cnicas del Instituto Municipal &hellip; <a href=\"http:\/\/revistalaneta.com.mx\/?p=463\" class=\"more-link\">Leer m\u00e1s<\/a><\/p>\n","protected":false},"author":1,"featured_media":462,"comment_status":"open","ping_status":"open","sticky":false,"template":"","format":"standard","meta":{"footnotes":""},"categories":[6],"tags":[],"class_list":["post-463","post","type-post","status-publish","format-standard","has-post-thumbnail","hentry","category-destacado","entry"],"_links":{"self":[{"href":"http:\/\/revistalaneta.com.mx\/index.php?rest_route=\/wp\/v2\/posts\/463","targetHints":{"allow":["GET"]}}],"collection":[{"href":"http:\/\/revistalaneta.com.mx\/index.php?rest_route=\/wp\/v2\/posts"}],"about":[{"href":"http:\/\/revistalaneta.com.mx\/index.php?rest_route=\/wp\/v2\/types\/post"}],"author":[{"embeddable":true,"href":"http:\/\/revistalaneta.com.mx\/index.php?rest_route=\/wp\/v2\/users\/1"}],"replies":[{"embeddable":true,"href":"http:\/\/revistalaneta.com.mx\/index.php?rest_route=%2Fwp%2Fv2%2Fcomments&post=463"}],"version-history":[{"count":1,"href":"http:\/\/revistalaneta.com.mx\/index.php?rest_route=\/wp\/v2\/posts\/463\/revisions"}],"predecessor-version":[{"id":464,"href":"http:\/\/revistalaneta.com.mx\/index.php?rest_route=\/wp\/v2\/posts\/463\/revisions\/464"}],"wp:featuredmedia":[{"embeddable":true,"href":"http:\/\/revistalaneta.com.mx\/index.php?rest_route=\/wp\/v2\/media\/462"}],"wp:attachment":[{"href":"http:\/\/revistalaneta.com.mx\/index.php?rest_route=%2Fwp%2Fv2%2Fmedia&parent=463"}],"wp:term":[{"taxonomy":"category","embeddable":true,"href":"http:\/\/revistalaneta.com.mx\/index.php?rest_route=%2Fwp%2Fv2%2Fcategories&post=463"},{"taxonomy":"post_tag","embeddable":true,"href":"http:\/\/revistalaneta.com.mx\/index.php?rest_route=%2Fwp%2Fv2%2Ftags&post=463"}],"curies":[{"name":"wp","href":"https:\/\/api.w.org\/{rel}","templated":true}]}}