{"id":466,"date":"2022-08-31T02:28:23","date_gmt":"2022-08-31T02:28:23","guid":{"rendered":"http:\/\/revistalaneta.com.mx\/?p=466"},"modified":"2022-08-31T02:29:16","modified_gmt":"2022-08-31T02:29:16","slug":"resolucion-del-tribunal-es-un-triunfo-de-la-justicia-y-la-legalidad-bancada-de-morena","status":"publish","type":"post","link":"http:\/\/revistalaneta.com.mx\/?p=466","title":{"rendered":"Resoluci\u00f3n del Tribunal, es un triunfo de la justicia y la legalidad: Bancada de Morena"},"content":{"rendered":"\n<p><\/p>\n\n\n\n<p>Cd. Victoria, Tamps.- La resoluci\u00f3n del Tribunal Electoral de Tamaulipas puso en evidencia el descaro con el cual actuaron los diputados panistas en la sesi\u00f3n del pasado 30 de junio y representa un triunfo de la justicia, la legalidad y la transparencia, asegur\u00f3 el Grupo Parlamentario de Morena en el Congreso del Estado.<\/p>\n\n\n\n<p>En un comunicado emitido tras conocerse el veredicto del TRIELTAM que vot\u00f3 a favor de la demanda interpuesta por la violaci\u00f3n a sus derechos pol\u00edtico-electorales, los diputados de Morena confirmaron que con esta resoluci\u00f3n se revoca la Diputaci\u00f3n Permanente que est\u00e1 en funciones y que todos los asuntos abordados despu\u00e9s de las primeras 5 horas de la sesi\u00f3n del 30 de junio quedan sin efecto, por prorrogar la sesi\u00f3n de forma unilateral e intransigente.<\/p>\n\n\n\n<p>\u201cLo anterior deja sin efecto las reformas al tema de seguridad y procuraci\u00f3n de justicia, as\u00ed como del agua, la elecci\u00f3n del Consejero y sobre las cuentas p\u00fablicas que afectaban flagrantemente al pueblo de Tamaulipas, decisiones tomadas al vapor, con el \u00fanico objetivo de proteger los intereses de la p\u00e9sima administraci\u00f3n de Cabeza de Vaca\u201d, expusieron los diputados morenistas.<\/p>\n\n\n\n<p>\u201cAdem\u00e1s es una muestra de que la justicia al final siempre se impone\u201d, agregaron.<br \/>Los legisladores de Morena denunciaron que los panistas actuaron y han venido siguiendo \u00f3rdenes de su jefe pol\u00edtico, el gobernador saliente.<\/p>\n\n\n\n<p>\u201cNosotros seguiremos firmes en nuestra b\u00fasqueda de la legalidad y transparencia, cada vez falta menos para que la Cuarta Transformaci\u00f3n llegue de la mano del doctor Am\u00e9rico Villarreal Anaya y en su gobierno nadie podr\u00e1 estar por encima de la Ley y mucho menos por encima del bienestar del pueblo\u201d.<\/p>\n\n\n\n<p>El Grupo Parlamentario de Morena reiter\u00f3 su compromiso en trabajar de la mano del pueblo de Tamaulipas y llevar al pleno la voz y el sentir de las y los tamaulipecos.<\/p>\n","protected":false},"excerpt":{"rendered":"<p>Cd. Victoria, Tamps.- La resoluci\u00f3n del Tribunal Electoral de Tamaulipas puso en evidencia el descaro con el cual actuaron los diputados panistas en la sesi\u00f3n del pasado 30 de junio &hellip; <a href=\"http:\/\/revistalaneta.com.mx\/?p=466\" class=\"more-link\">Leer m\u00e1s<\/a><\/p>\n","protected":false},"author":1,"featured_media":465,"comment_status":"open","ping_status":"open","sticky":false,"template":"","format":"standard","meta":{"footnotes":""},"categories":[7,8],"tags":[],"class_list":["post-466","post","type-post","status-publish","format-standard","has-post-thumbnail","hentry","category-ciudad-victoria","category-tamaulipas-sur","entry"],"_links":{"self":[{"href":"http:\/\/revistalaneta.com.mx\/index.php?rest_route=\/wp\/v2\/posts\/466","targetHints":{"allow":["GET"]}}],"collection":[{"href":"http:\/\/revistalaneta.com.mx\/index.php?rest_route=\/wp\/v2\/posts"}],"about":[{"href":"http:\/\/revistalaneta.com.mx\/index.php?rest_route=\/wp\/v2\/types\/post"}],"author":[{"embeddable":true,"href":"http:\/\/revistalaneta.com.mx\/index.php?rest_route=\/wp\/v2\/users\/1"}],"replies":[{"embeddable":true,"href":"http:\/\/revistalaneta.com.mx\/index.php?rest_route=%2Fwp%2Fv2%2Fcomments&post=466"}],"version-history":[{"count":1,"href":"http:\/\/revistalaneta.com.mx\/index.php?rest_route=\/wp\/v2\/posts\/466\/revisions"}],"predecessor-version":[{"id":467,"href":"http:\/\/revistalaneta.com.mx\/index.php?rest_route=\/wp\/v2\/posts\/466\/revisions\/467"}],"wp:featuredmedia":[{"embeddable":true,"href":"http:\/\/revistalaneta.com.mx\/index.php?rest_route=\/wp\/v2\/media\/465"}],"wp:attachment":[{"href":"http:\/\/revistalaneta.com.mx\/index.php?rest_route=%2Fwp%2Fv2%2Fmedia&parent=466"}],"wp:term":[{"taxonomy":"category","embeddable":true,"href":"http:\/\/revistalaneta.com.mx\/index.php?rest_route=%2Fwp%2Fv2%2Fcategories&post=466"},{"taxonomy":"post_tag","embeddable":true,"href":"http:\/\/revistalaneta.com.mx\/index.php?rest_route=%2Fwp%2Fv2%2Ftags&post=466"}],"curies":[{"name":"wp","href":"https:\/\/api.w.org\/{rel}","templated":true}]}}