{"id":4706,"date":"2023-04-06T15:35:41","date_gmt":"2023-04-06T15:35:41","guid":{"rendered":"http:\/\/revistalaneta.com.mx\/?p=4706"},"modified":"2023-04-06T15:38:45","modified_gmt":"2023-04-06T15:38:45","slug":"nombran-a-la-dra-liliana-arjona-nueva-secretaria-de-bienestar-social","status":"publish","type":"post","link":"http:\/\/revistalaneta.com.mx\/?p=4706","title":{"rendered":"Nombran a la Dra. Liliana Arjona nueva secretaria de Bienestar Social"},"content":{"rendered":"\n<p><\/p>\n\n\n\n<p>Nuevo Laredo, Tamps.- A partir de este martes la Dra. Liliana Arjona Barocio fue designada como secretaria de Bienestar Social del Gobierno Municipal.<\/p>\n\n\n\n<p>La alcaldesa Carmen Lilia Canturosas destac\u00f3 la experiencia y sensibilidad de Arjona Barocio para encabezar una de las dependencias m\u00e1s importantes de la administraci\u00f3n.<\/p>\n\n\n\n<p>\u201cLa Dra. Liliana Arjona Barocio asume la Secretar\u00eda de Bienestar Social para continuar con la noble labor de llevar beneficios a los sectores m\u00e1s vulnerables de la ciudad, como directora de Salud Municipal demostr\u00f3 su gran liderazgo y compromiso con la ciudad y estoy segura que con ese mismo entusiasmo tomar\u00e1 esta nueva encomienda\u201d, coment\u00f3.<\/p>\n\n\n\n<p>La presidenta municipal explic\u00f3 que este nuevo enroque en su gabinete fortalecer\u00e1 las acciones que se ya se llevan a cabo en beneficio de las familias neolaredenses.<\/p>\n\n\n\n<p>\u201cVamos a reforzar los trabajos que ya se estaban realizando, la finalidad es que los ciudadanos aprovechen cada uno de los programas; vengo a trabajar en equipo para dar continuidad y que los beneficios de la transformaci\u00f3n lleguen a todas las familias de la ciudad\u201d, mencion\u00f3 Arjona Barocio, nueva secretaria de Bienestar Social.<br \/>Indic\u00f3 que la secretar\u00eda tendr\u00e1 un v\u00ednculo m\u00e1s estrecho con la ciudadan\u00eda para que los diferentes programas de la administraci\u00f3n lleguen a m\u00e1s personas.<\/p>\n\n\n\n<p>Por otra parte la alcaldesa destac\u00f3 y agradeci\u00f3 el trabajo de Leticia Meneses Camino, anterior secretaria de bienestar, por su compromiso con la ciudadan\u00eda y su ardua labor en beneficio de la poblaci\u00f3n, ya que cuando estuvo al frente de esta dependencia implement\u00f3 el programa \u201cHaciendo Comunidad\u201d, adem\u00e1s de llevar los beneficios del gobierno como el programa de apoyo alimentario, talleres de oficio, entre otros.<\/p>\n\n\n\n<p>Agreg\u00f3 que Meneses Camino tom\u00f3 la decisi\u00f3n de separarse del cargo por cuestiones de salud.<\/p>\n","protected":false},"excerpt":{"rendered":"<p>Nuevo Laredo, Tamps.- A partir de este martes la Dra. Liliana Arjona Barocio fue designada como secretaria de Bienestar Social del Gobierno Municipal. La alcaldesa Carmen Lilia Canturosas destac\u00f3 la &hellip; <a href=\"http:\/\/revistalaneta.com.mx\/?p=4706\" class=\"more-link\">Leer m\u00e1s<\/a><\/p>\n","protected":false},"author":1,"featured_media":4705,"comment_status":"open","ping_status":"open","sticky":false,"template":"","format":"standard","meta":{"footnotes":""},"categories":[1],"tags":[],"class_list":["post-4706","post","type-post","status-publish","format-standard","has-post-thumbnail","hentry","category-sin-categoria","entry"],"_links":{"self":[{"href":"http:\/\/revistalaneta.com.mx\/index.php?rest_route=\/wp\/v2\/posts\/4706","targetHints":{"allow":["GET"]}}],"collection":[{"href":"http:\/\/revistalaneta.com.mx\/index.php?rest_route=\/wp\/v2\/posts"}],"about":[{"href":"http:\/\/revistalaneta.com.mx\/index.php?rest_route=\/wp\/v2\/types\/post"}],"author":[{"embeddable":true,"href":"http:\/\/revistalaneta.com.mx\/index.php?rest_route=\/wp\/v2\/users\/1"}],"replies":[{"embeddable":true,"href":"http:\/\/revistalaneta.com.mx\/index.php?rest_route=%2Fwp%2Fv2%2Fcomments&post=4706"}],"version-history":[{"count":1,"href":"http:\/\/revistalaneta.com.mx\/index.php?rest_route=\/wp\/v2\/posts\/4706\/revisions"}],"predecessor-version":[{"id":4707,"href":"http:\/\/revistalaneta.com.mx\/index.php?rest_route=\/wp\/v2\/posts\/4706\/revisions\/4707"}],"wp:featuredmedia":[{"embeddable":true,"href":"http:\/\/revistalaneta.com.mx\/index.php?rest_route=\/wp\/v2\/media\/4705"}],"wp:attachment":[{"href":"http:\/\/revistalaneta.com.mx\/index.php?rest_route=%2Fwp%2Fv2%2Fmedia&parent=4706"}],"wp:term":[{"taxonomy":"category","embeddable":true,"href":"http:\/\/revistalaneta.com.mx\/index.php?rest_route=%2Fwp%2Fv2%2Fcategories&post=4706"},{"taxonomy":"post_tag","embeddable":true,"href":"http:\/\/revistalaneta.com.mx\/index.php?rest_route=%2Fwp%2Fv2%2Ftags&post=4706"}],"curies":[{"name":"wp","href":"https:\/\/api.w.org\/{rel}","templated":true}]}}