{"id":475,"date":"2022-08-31T02:38:48","date_gmt":"2022-08-31T02:38:48","guid":{"rendered":"http:\/\/revistalaneta.com.mx\/?p=475"},"modified":"2022-08-31T02:39:01","modified_gmt":"2022-08-31T02:39:01","slug":"impartiran-taller-gratuito-de-profesionalizacion-en-teatro","status":"publish","type":"post","link":"http:\/\/revistalaneta.com.mx\/?p=475","title":{"rendered":"Impartir\u00e1n taller gratuito de profesionalizaci\u00f3n en teatro"},"content":{"rendered":"\n<p><\/p>\n\n\n\n<p>Nuevo Laredo, Tamps.- A trav\u00e9s de la Direcci\u00f3n de Arte y Cultura (DAyC), el Gobierno Municipal invita a los actores, directores de teatro y a la comunidad en general a participar en el taller de entrenamiento actoral y expresi\u00f3n corporal titulado &#8220;La forma y el contenido&#8221;.<\/p>\n\n\n\n<p>La actividad es gratuita y se llevar\u00e1 a cabo los d\u00edas viernes 2, 9 y 16 de septiembre de 5:00 de la tarde a 9:00 de la noche y los s\u00e1bados 3, 10 y 17 de septiembre de 11:00 de la ma\u00f1ana a 3:00 de la tarde en el auditorio de &#8220;Estaci\u00f3n Palabra &#8216;Gabriel Garc\u00eda M\u00e1rquez'&#8221;.<\/p>\n\n\n\n<p>La instrucci\u00f3n estar\u00e1 a cargo de Ivan Osti, actor dram\u00e1tico egresado de la Escuela de Teatro de la Facultad de Filosof\u00eda y Letras (FFyL) de la Universidad Aut\u00f3noma de Nuevo Le\u00f3n (UANL). Los interesados, a partir de los 15 a\u00f1os de edad en adelante, podr\u00e1n inscribirse gratuitamente a trav\u00e9s del tel\u00e9fono (867) 126-5890.<\/p>\n\n\n\n<p>&#8220;La actividad no tiene costo y forma parte de los programas de profesionalizaci\u00f3n que hemos dise\u00f1ado para que los artistas de los Dos Laredos y la comunidad en general se desenvuelvan en el arte y en este caso espec\u00edfico, en el mundo del teatro&#8221;, dijo Marcos Rodr\u00edguez Leija, director de DAyC.<\/p>\n\n\n\n<p>&#8220;Nuestro objetivo y nuestro compromiso, como gobierno municipal, es integrar a expertos en la materia a nuestra programaci\u00f3n para que compartan su conocimiento en ni\u00f1os, j\u00f3venes y adultos. Y de esta manera iremos construyendo un semillero de nuevas generaciones de artistas en todas las disciplinas de las bellas artes&#8221;, agreg\u00f3 Rodr\u00edguez Leija.<\/p>\n\n\n\n<p>Entre otras t\u00e9cnicas, &#8220;La forma y el contenido&#8221; contempla juegos l\u00fadicos y grupales, postura y respiraci\u00f3n, localizaci\u00f3n de la voz y ejercicios de acci\u00f3n y creaci\u00f3n de personajes.<\/p>\n","protected":false},"excerpt":{"rendered":"<p>Nuevo Laredo, Tamps.- A trav\u00e9s de la Direcci\u00f3n de Arte y Cultura (DAyC), el Gobierno Municipal invita a los actores, directores de teatro y a la comunidad en general a &hellip; <a href=\"http:\/\/revistalaneta.com.mx\/?p=475\" class=\"more-link\">Leer m\u00e1s<\/a><\/p>\n","protected":false},"author":1,"featured_media":474,"comment_status":"open","ping_status":"open","sticky":false,"template":"","format":"standard","meta":{"footnotes":""},"categories":[4],"tags":[],"class_list":["post-475","post","type-post","status-publish","format-standard","has-post-thumbnail","hentry","category-nuevo-laredo","entry"],"_links":{"self":[{"href":"http:\/\/revistalaneta.com.mx\/index.php?rest_route=\/wp\/v2\/posts\/475","targetHints":{"allow":["GET"]}}],"collection":[{"href":"http:\/\/revistalaneta.com.mx\/index.php?rest_route=\/wp\/v2\/posts"}],"about":[{"href":"http:\/\/revistalaneta.com.mx\/index.php?rest_route=\/wp\/v2\/types\/post"}],"author":[{"embeddable":true,"href":"http:\/\/revistalaneta.com.mx\/index.php?rest_route=\/wp\/v2\/users\/1"}],"replies":[{"embeddable":true,"href":"http:\/\/revistalaneta.com.mx\/index.php?rest_route=%2Fwp%2Fv2%2Fcomments&post=475"}],"version-history":[{"count":1,"href":"http:\/\/revistalaneta.com.mx\/index.php?rest_route=\/wp\/v2\/posts\/475\/revisions"}],"predecessor-version":[{"id":476,"href":"http:\/\/revistalaneta.com.mx\/index.php?rest_route=\/wp\/v2\/posts\/475\/revisions\/476"}],"wp:featuredmedia":[{"embeddable":true,"href":"http:\/\/revistalaneta.com.mx\/index.php?rest_route=\/wp\/v2\/media\/474"}],"wp:attachment":[{"href":"http:\/\/revistalaneta.com.mx\/index.php?rest_route=%2Fwp%2Fv2%2Fmedia&parent=475"}],"wp:term":[{"taxonomy":"category","embeddable":true,"href":"http:\/\/revistalaneta.com.mx\/index.php?rest_route=%2Fwp%2Fv2%2Fcategories&post=475"},{"taxonomy":"post_tag","embeddable":true,"href":"http:\/\/revistalaneta.com.mx\/index.php?rest_route=%2Fwp%2Fv2%2Ftags&post=475"}],"curies":[{"name":"wp","href":"https:\/\/api.w.org\/{rel}","templated":true}]}}