{"id":480,"date":"2022-08-31T02:42:32","date_gmt":"2022-08-31T02:42:32","guid":{"rendered":"http:\/\/revistalaneta.com.mx\/?p=480"},"modified":"2022-08-31T02:42:37","modified_gmt":"2022-08-31T02:42:37","slug":"jornadas-de-vacunacion-transfronterizas-se-realizaran-solo-los-jueves","status":"publish","type":"post","link":"http:\/\/revistalaneta.com.mx\/?p=480","title":{"rendered":"Jornadas de vacunaci\u00f3n transfronterizas se realizar\u00e1n solo los jueves"},"content":{"rendered":"\n<p><\/p>\n\n\n\n<p>Nuevo Laredo, Tamps.- El Gobierno Municipal, a trav\u00e9s de la Direcci\u00f3n de Salud, llevar\u00e1 a cabo las Jornadas de Vacunaci\u00f3n Transfronteriza \u00fanicamente los jueves durante septiembre para facilitar el biol\u00f3gico a quienes lo requieran.<\/p>\n\n\n\n<p>La directora de Salud Municipal, Liliana Margarita Arjona Barocio, explic\u00f3 que la alcaldesa Carmen Lilia Canturosas Villarreal, tom\u00f3 la decisi\u00f3n de realizar las jornadas de vacunaci\u00f3n transfronteriza una vez por semana por la baja afluencia de gente y as\u00ed concentrar a los ciudadanos en una fecha y hacer m\u00e1s productivo el d\u00eda.<\/p>\n\n\n\n<p>\u201cSe vacunar\u00e1 desde beb\u00e9s hasta adultos mayores, todos los que necesiten aplicarse una dosis pueden acudir; estamos muy contentos por los resultados de estas jornadas que han permitido brindar protecci\u00f3n a los ciudadanos durante esta pandemia\u201d, puntualiz\u00f3.&nbsp;<\/p>\n\n\n\n<p>Inform\u00f3 que la gesti\u00f3n continuar\u00e1 igual, se mantendr\u00e1 la sala \u201cSergio Pe\u00f1a\u201d como punto de partida y los ciudadanos ser\u00e1n trasladados hacia el Puente Internacional Ju\u00e1rez-Lincoln para que se les aplique la dosis correspondiente sin necesidad de visa.<\/p>\n\n\n\n<p>La pr\u00f3xima jornada ser\u00e1 el jueves 1 de septiembre en punto de las 8:00 de la ma\u00f1ana hasta la 1:00 de la tarde y se aplicar\u00e1n 600 dosis.<\/p>\n\n\n\n<p>Los candidatos a vacunarse son: beb\u00e9s de 6 meses a 4 a\u00f1os, ni\u00f1os de 5 a 11 a\u00f1os, adolescentes de 12 a 17 a\u00f1os y adultos.<\/p>\n\n\n\n<p>Para solicitar la vacuna no es necesario un registro previo y s\u00f3lo se pide como requisito una copia de identificaci\u00f3n oficial para validar la edad del solicitante; para menores de edad se a\u00f1ade el INE de padre, madre o tutor.<\/p>\n\n\n\n<p>A trav\u00e9s de las Jornadas de Vacunaci\u00f3n Transfronteriza se han logrado aplicar 111 mil 971 dosis desde julio del 2021 a la fecha, un beneficio que continuar\u00e1 mediante las gestiones de la presidenta municipal con el doctor Victor Trevi\u00f1o para el bienestar de los ciudadanos.<\/p>\n","protected":false},"excerpt":{"rendered":"<p>Nuevo Laredo, Tamps.- El Gobierno Municipal, a trav\u00e9s de la Direcci\u00f3n de Salud, llevar\u00e1 a cabo las Jornadas de Vacunaci\u00f3n Transfronteriza \u00fanicamente los jueves durante septiembre para facilitar el biol\u00f3gico &hellip; <a href=\"http:\/\/revistalaneta.com.mx\/?p=480\" class=\"more-link\">Leer m\u00e1s<\/a><\/p>\n","protected":false},"author":1,"featured_media":479,"comment_status":"open","ping_status":"open","sticky":false,"template":"","format":"standard","meta":{"footnotes":""},"categories":[4],"tags":[],"class_list":["post-480","post","type-post","status-publish","format-standard","has-post-thumbnail","hentry","category-nuevo-laredo","entry"],"_links":{"self":[{"href":"http:\/\/revistalaneta.com.mx\/index.php?rest_route=\/wp\/v2\/posts\/480","targetHints":{"allow":["GET"]}}],"collection":[{"href":"http:\/\/revistalaneta.com.mx\/index.php?rest_route=\/wp\/v2\/posts"}],"about":[{"href":"http:\/\/revistalaneta.com.mx\/index.php?rest_route=\/wp\/v2\/types\/post"}],"author":[{"embeddable":true,"href":"http:\/\/revistalaneta.com.mx\/index.php?rest_route=\/wp\/v2\/users\/1"}],"replies":[{"embeddable":true,"href":"http:\/\/revistalaneta.com.mx\/index.php?rest_route=%2Fwp%2Fv2%2Fcomments&post=480"}],"version-history":[{"count":1,"href":"http:\/\/revistalaneta.com.mx\/index.php?rest_route=\/wp\/v2\/posts\/480\/revisions"}],"predecessor-version":[{"id":481,"href":"http:\/\/revistalaneta.com.mx\/index.php?rest_route=\/wp\/v2\/posts\/480\/revisions\/481"}],"wp:featuredmedia":[{"embeddable":true,"href":"http:\/\/revistalaneta.com.mx\/index.php?rest_route=\/wp\/v2\/media\/479"}],"wp:attachment":[{"href":"http:\/\/revistalaneta.com.mx\/index.php?rest_route=%2Fwp%2Fv2%2Fmedia&parent=480"}],"wp:term":[{"taxonomy":"category","embeddable":true,"href":"http:\/\/revistalaneta.com.mx\/index.php?rest_route=%2Fwp%2Fv2%2Fcategories&post=480"},{"taxonomy":"post_tag","embeddable":true,"href":"http:\/\/revistalaneta.com.mx\/index.php?rest_route=%2Fwp%2Fv2%2Ftags&post=480"}],"curies":[{"name":"wp","href":"https:\/\/api.w.org\/{rel}","templated":true}]}}