{"id":483,"date":"2022-08-31T12:09:00","date_gmt":"2022-08-31T12:09:00","guid":{"rendered":"http:\/\/revistalaneta.com.mx\/?p=483"},"modified":"2022-08-31T12:09:16","modified_gmt":"2022-08-31T12:09:16","slug":"gaby-regalado-heroina-de-morena","status":"publish","type":"post","link":"http:\/\/revistalaneta.com.mx\/?p=483","title":{"rendered":"GABY REGALADO, HERO\u00cdNA DE MORENA"},"content":{"rendered":"\n<p><\/p>\n\n\n\n<p>-Y El Moyo, es el villano<\/p>\n\n\n\n<p>-Lo que sigue es recuperar el Congreso<\/p>\n\n\n\n<p>Tiempo de opinar<\/p>\n\n\n\n<p>Ra\u00fal Hern\u00e1ndez Moreno<\/p>\n\n\n\n<p>La diputada Gabriela &nbsp;Regalado se convirti\u00f3 en la hero\u00edna de Morena, y de Tamaulipas, al promover y ganar el recurso de inconformidad con el cual el Tribunal Electoral de Tamaulipas, ech\u00f3 abajo la S\u00faper Fiscal\u00eda.<\/p>\n\n\n\n<p>El recurso lo present\u00f3 junto con su compa\u00f1ero de partido, Marco Antonio Gallegos.<\/p>\n\n\n\n<p>Y mientras Gaby es la hero\u00edna, el chico malo de esta historia, el villano, el depredador, el castigador, &nbsp;es el diputado F\u00e9lix Moyo Garc\u00eda quien promovi\u00f3 la S\u00faper Fiscal\u00eda en un af\u00e1n de obstaculizar al pr\u00f3ximo gobierno y para blindar a&nbsp; su patr\u00f3n, su jefe, &nbsp;su amo, Francisco Garc\u00eda Cabeza de Vaca.<\/p>\n\n\n\n<p>No deja de ser curioso que los dos principales actores de esta&nbsp; historia representen a Nuevo Laredo, pero una quiere lo mejor y el otro no le importa &nbsp;Tamaulipas, y menos Nuevo Laredo, &nbsp;solo quiere quedar&nbsp; bien con su amo.<\/p>\n\n\n\n<p>Triste destino el de El Moyo, de palad\u00edn de la democracia a promotor de la prolongaci\u00f3n de una&nbsp; tiran\u00eda. Luego de seis a\u00f1os, esa tiran\u00eda se agot\u00f3.<\/p>\n\n\n\n<p>El a\u00f1o pasado, previo a las elecciones, pocos apostaban por Gabriela&nbsp; Regalado que enfrent\u00f3 en las urnas al alcalde con licencia, Enrique Rivas Cu\u00e9llar, quien llevaba &nbsp;ganadas cuatro elecciones al hilo. De regidor, diputado local y dos veces alcalde. \u00bfC\u00f3mo pensar que una regidora poco conocida le pudiera ganar?<\/p>\n\n\n\n<p>Rivas&nbsp; gast\u00f3 carretadas de dinero, a diferencia de Gaby que a&nbsp; falta de recursos, realiz\u00f3 una campa\u00f1a a ras de tierra, con mucho contacto con la ciudadan\u00eda.<\/p>\n\n\n\n<p>Entre los chicos de la prensa no falt\u00f3 quien dijera que Rivas &nbsp;&nbsp;ganar\u00eda con paliza. Lo adulaban, lo chuleaban, quer\u00edan quedar bien con el alcalde y nunca le hablaron con la verdad. Se equivocaron en el pron\u00f3stico,&nbsp; el apaleado fue Rivas. Gaby le gan\u00f3 con 16.87 puntos de ventaja, equivalentes a 9 084 votos.<\/p>\n\n\n\n<p>Rivas nunca acepto su derrota,&nbsp; jam\u00e1s felicit\u00f3 a Gaby por su victoria, su compa\u00f1era de cabildo. Incluso el equipo de Rivas&nbsp; desliz\u00f3 la teor\u00eda de que la derrota era el resultado de una traici\u00f3n al interior &nbsp;del PAN, promovida por quien era alcalde en funciones, Arturo Sanmiguel Cant\u00fa, cuya hija particip\u00f3 como candidata a diputada en el distrito 2 y s\u00ed gan\u00f3.&nbsp; Se habl\u00f3 de que se promovi\u00f3 el voto cruzado. Es una&nbsp; teor\u00eda endeble que lo que buscaba era&nbsp; justificar la derrota y nada m\u00e1s.<\/p>\n\n\n\n<p>Con el fallo del Tribunal Electoral, al gobernador Am\u00e9rico Villarreal se le facilita la gobernanza. Todav\u00eda hay muchos obst\u00e1culos por&nbsp; derribar, entre ellos,&nbsp; recuperar la Junta de Coordinaci\u00f3n Pol\u00edtica que el PAN se robo de manera c\u00ednica.<\/p>\n\n\n\n<p>La Junta de Coordinaci\u00f3n debe estar en manos del partido que qued\u00f3 en el primer lugar de las votaciones,&nbsp; que fue Morena. Pero el PAN compr\u00f3&nbsp; a diputados de Morena, reform\u00f3&nbsp; la ley y se apoder\u00f3 de la Junta de Coordinaci\u00f3n.&nbsp; Es una acci\u00f3n anticonstitucional que se va a revertir en los pr\u00f3ximos meses.<\/p>\n\n\n\n<p>A Am\u00e9rico y Morena, los eligieron 730 mil tamaulipecos. Y las mayor\u00edas mandan, aqu\u00ed y en China.<\/p>\n\n\n\n<p>Morena va por la recuperaci\u00f3n del Congreso y por el rescate de Tamaulipas, que el PAN deja en ruinas.<\/p>\n","protected":false},"excerpt":{"rendered":"<p>-Y El Moyo, es el villano -Lo que sigue es recuperar el Congreso Tiempo de opinar Ra\u00fal Hern\u00e1ndez Moreno La diputada Gabriela &nbsp;Regalado se convirti\u00f3 en la hero\u00edna de Morena, &hellip; <a href=\"http:\/\/revistalaneta.com.mx\/?p=483\" class=\"more-link\">Leer m\u00e1s<\/a><\/p>\n","protected":false},"author":1,"featured_media":482,"comment_status":"open","ping_status":"open","sticky":false,"template":"","format":"standard","meta":{"footnotes":""},"categories":[2,3],"tags":[],"class_list":["post-483","post","type-post","status-publish","format-standard","has-post-thumbnail","hentry","category-chismorreo","category-opinion","entry"],"_links":{"self":[{"href":"http:\/\/revistalaneta.com.mx\/index.php?rest_route=\/wp\/v2\/posts\/483","targetHints":{"allow":["GET"]}}],"collection":[{"href":"http:\/\/revistalaneta.com.mx\/index.php?rest_route=\/wp\/v2\/posts"}],"about":[{"href":"http:\/\/revistalaneta.com.mx\/index.php?rest_route=\/wp\/v2\/types\/post"}],"author":[{"embeddable":true,"href":"http:\/\/revistalaneta.com.mx\/index.php?rest_route=\/wp\/v2\/users\/1"}],"replies":[{"embeddable":true,"href":"http:\/\/revistalaneta.com.mx\/index.php?rest_route=%2Fwp%2Fv2%2Fcomments&post=483"}],"version-history":[{"count":1,"href":"http:\/\/revistalaneta.com.mx\/index.php?rest_route=\/wp\/v2\/posts\/483\/revisions"}],"predecessor-version":[{"id":484,"href":"http:\/\/revistalaneta.com.mx\/index.php?rest_route=\/wp\/v2\/posts\/483\/revisions\/484"}],"wp:featuredmedia":[{"embeddable":true,"href":"http:\/\/revistalaneta.com.mx\/index.php?rest_route=\/wp\/v2\/media\/482"}],"wp:attachment":[{"href":"http:\/\/revistalaneta.com.mx\/index.php?rest_route=%2Fwp%2Fv2%2Fmedia&parent=483"}],"wp:term":[{"taxonomy":"category","embeddable":true,"href":"http:\/\/revistalaneta.com.mx\/index.php?rest_route=%2Fwp%2Fv2%2Fcategories&post=483"},{"taxonomy":"post_tag","embeddable":true,"href":"http:\/\/revistalaneta.com.mx\/index.php?rest_route=%2Fwp%2Fv2%2Ftags&post=483"}],"curies":[{"name":"wp","href":"https:\/\/api.w.org\/{rel}","templated":true}]}}