{"id":486,"date":"2022-08-31T12:11:18","date_gmt":"2022-08-31T12:11:18","guid":{"rendered":"http:\/\/revistalaneta.com.mx\/?p=486"},"modified":"2022-08-31T12:11:46","modified_gmt":"2022-08-31T12:11:46","slug":"el-pleito-entre-el-sindico-y-el-secretario","status":"publish","type":"post","link":"http:\/\/revistalaneta.com.mx\/?p=486","title":{"rendered":"EL PLEITO ENTRE EL S\u00cdNDICO Y EL SECRETARIO"},"content":{"rendered":"\n<p>Dado a que este martes me preguntaron mucho que cu\u00e1l es el pleito que se traen el s\u00edndico Jes\u00fas Jasso Montemayor y el Secretario del Ayuntamiento, Juan \u00c1ngel Mart\u00ednez Salazar, del Gobierno Municipal de Nuevo Laredo, pues les comentar\u00e9 que fue un desacuerdo que tuvieron en los Honores a la Bandera de la semana pasada, en que ante la ausencia de la Presidente Municipal, Carmen Lilia Canturosas Villarreal, el s\u00edndico Jasso Montemayor recibi\u00f3 el apoyo de sus compa\u00f1eros para ser quien izase la bandera, pero resulta que de \u00faltimo momento lleg\u00f3 Juan \u00c1ngel y lo hizo a un lado, diciendo que \u00e9l izar\u00eda el l\u00e1baro patrio. Obviamente esto molesto a Jasso, quien se retir\u00f3 del lugar ante la vista de todos los presentes. Hubo algunos regidores que vieron mal la situaci\u00f3n, pues ellos mismos ya hab\u00edan dado el visto bueno de que fuera Jasso el protagonista, al ser miembro del Cabildo, lo cual no es el Secretario del Ayuntamiento, pero Juan \u00c1ngel argument\u00f3 que dado a que los Honores le tocaron al Departamento de Bomberos, el cual depende de su secretar\u00eda, es que opt\u00f3 por ser \u00e9l. El caso es que esto ha generado un distanciamiento entre ambos funcionarios, y es de hacer notar que la mayor\u00eda de los ediles apoyan a Jasso, pues consideran que debe haber respeto hacia el Cabildo por parte de los secretarios, pues los ediles est\u00e1n por encima de los secretarios, no los secretarios por encima de los ediles.<\/p>\n\n\n\n<p>IMPUGNAR\u00c1 PAN RESOLUTIVO DEL TRIELTAM<br \/>Como era de esperarse, la fracci\u00f3n parlamentaria del Partido Acci\u00f3n Nacional (PAN) en el Congreso del Estado, anunci\u00f3 que apelar\u00e1 la decisi\u00f3n del Tribunal Electoral de Tamaulipas (TRIELTAM) sobre la disoluci\u00f3n de la Comisi\u00f3n Permanente del mismo Congreso, al considerar que se viola la autonom\u00eda del Poder Legislativo, a la vez que acus\u00f3 a los magistrados electorales de extralimitarse en sus funciones. La impugnaci\u00f3n se har\u00e1 ante el Tribunal Electoral del Poder Judicial de la Federaci\u00f3n, haci\u00e9ndose notar que se tiene la opci\u00f3n de acudir primero a la sala regional con sede en Monterrey, y luego a la superior, con sede en la Ciudad de M\u00e9xico, lo cual puede llevar todo el mes de septiembre, en el entendido de que en octubre ya no sesionar\u00e1 dicha comisi\u00f3n, pues se pondr\u00e1n en marcha las sesiones del primer per\u00edodo del segundo a\u00f1o de la presente legislatura.<\/p>\n\n\n\n<p>ENCABEZA CARMEN LILIA CONFERENCIA DE INMUJER<br \/>Poniendo el ejemplo, la alcaldesa, Carmen Lilia Canturosas Villarreal encabez\u00f3 la celebraci\u00f3n de la primera capacitaci\u00f3n del \u201cProyecto de Fortalecimiento de las Capacidades Organizacionales, Operativas y T\u00e9cnicas del Instituto Municipal de la Mujer (INMUJER) de Nuevo Laredo\u201d. Fue el pasado lunes cuando durante una hora se llev\u00f3 a cabo este evento por parte de Jocelyn Lozano, psic\u00f3loga especializada en primeros auxilios sicol\u00f3gicos y atenci\u00f3n a mujeres en situaci\u00f3n de violencia, y Elizabeth Mu\u00f1oz, quien est\u00e1 a cargo de la perspectiva de g\u00e9nero y derechos humanos, esto en la Sala de Cabildo, y con la participaci\u00f3n tambi\u00e9n de miembros del concilio neolaredense. Este es el primero de cinco talleres que se van a llevar a cabo por parte de INMUJER y cuyo objetivo es el de generar cambios de importancia en el desempe\u00f1o de la funci\u00f3n p\u00fablica y reconocer el esfuerzo laboral y los derechos humanos.<\/p>\n\n\n\n<p>\u00a1QUE PELOS PINTADOS NI QUE LA FREGADA!<br \/>Qu\u00e9 bueno que el Jefe del Centro Regional de Desarrollo Educativo (CREDE) de Nuevo Laredo, Miguel J\u00e1uregui Salazar, ya aclar\u00f3 que en las escuelas de esta ciudad fronteriza no se va a permitir que los alumnos se presenten a clases con el pelo largo, o con un corte \u201cde moda\u201d o pintado, ya que eso va en contra del reglamento escolar. Y aun cuando el Consejo Nacional para Prevenir la Discriminaci\u00f3n (CONAPRED) emiti\u00f3 un comunicado indicando que no se debe prohibir la entrada a los estudiantes por su aspecto f\u00edsico, la verdad es que dicho organismo no tiene autoridad alguna, y no puede interferir en las decisiones de las autoridades educativas, que est\u00e1n para educar, y no para solapar situaciones que van en contra de las buenas costumbres. Los chamacos deben ir debidamente uniformados, boleados y peinados a la escuela, y punto. Lo dem\u00e1s son chiflazones.<\/p>\n\n\n\n<p>A\u00daN HAY CUPO EN EL CONALEP<br \/>El CONALEP de Nuevo Laredo informa que a\u00fan hay cupo en dicho plantel en el turno vespertino y en la carrera de t\u00e9cnico en inform\u00e1tica, que sin duda es una gran opci\u00f3n de aprendizaje. Los interesados deben al plantel para solicitar informaci\u00f3n sobre su registro. Cabe se\u00f1alar que el CONALEP sigue siendo una instituci\u00f3n de mucho prestigio en esta ciudad fronteriza, y esto se debe en gran parte a la gran labor que ha venido realizando al frente de la misma el licenciado Ra\u00fal Posadas Madariaga, quien la verdad le ha estado echando muchas ganas, junto al personal docente, para transformar la vieja idea que se ten\u00eda de esta escuela preparatoria. Bien por ello.<\/p>\n\n\n\n<p>M\u00c9XICO SIGLO XXI ESTE PR\u00d3XIMO VIERNES<br \/>Este pr\u00f3ximo viernes 2 de septiembre se estar\u00e1 realizando una nueva edici\u00f3n presencial del magno evento M\u00e9xico Siglo XXI que organiza la Fundaci\u00f3n Telmex-Telcel, esto en la Ciudad de M\u00e9xico, y donde participan 10 mil estudiantes becados por dicho organismo. Cabe apuntar que en el 2020 el evento se suspendi\u00f3 por la pandemia del Covid-19 y en el 2021 se realiz\u00f3i de manera virtual, igualmente por la pandemia, por lo que ahora regresa de manera presencial. Y en esta ocasi\u00f3n se contar\u00e1 con la asistencia de la actriz australiana Nicole Kidman, as\u00ed como el f\u00edsico te\u00f3rico, futur\u00f3logo y divulgador cient\u00edfico, el doctor Michio Kaku, la gimnasta y medallista ol\u00edmpica Simone Biles y el l\u00edder mundial en mercadotecnia, Nick Tran, adem\u00e1s de la participaci\u00f3n especial de Don Carlos Slim Hel\u00fa, presidente honorario y vitalicio de los consejos de administraci\u00f3n de Grupo Carso y American M\u00f3vil. As\u00ed que van a estar muy buenas las conferencias que se van a dictar, y ah\u00ed vamos a andar para dar cuenta de todo ello.<\/p>\n\n\n\n<p>ADIVINANZA<br \/>\u00bfQui\u00e9n es la regidora a la que algunos de sus compa\u00f1eros le apodan \u201cLa Barbi\u201d?, pero no porque est\u00e9 muy guapota, sino que le dicen as\u00ed como abreviatura de \u201cla barbit\u00farica\u201d, pues dicen que siempre anda bien euf\u00f3rica, bien \u201cpaseada\u201d ella jejejeje. \u201c\u00bfY qu\u00e9 tiene?, \u00bfy que tiene?\u201d, dir\u00eda la susodicha Jajajaja.<\/p>\n\n\n\n<p>LO \u00daLTIMO<br \/>Muchas felicidades a Pamela Flores, quien este mi\u00e9rcoles cumple un a\u00f1o m\u00e1s de vida. \u00a1Muchos m\u00e1s d\u00edas de estos!\u2026 Smart Zapata es como se va a llamar la nueva tienda Smart que ya casi est\u00e1 lista y que se ubica al surponiente de la ciudad, concretamente en el crucero de Prolongaci\u00f3n Monterrey y Emiliano Zapata, y donde por cierto ya est\u00e1n contratando personal para sus diferentes puestos. La tienda se planea abrir m\u00e1s o menos en un mes\u2026 Ya vamos a tener una tienda Waldo\u00b4s \u201cfif\u00ed\u201d, la cual ya se construye sobre el Bulevar Ruiz Cortines, a la altura de la calle Campeche, justo frente al Smart Campeche, tambi\u00e9n conocido como Smart \u201cfif\u00ed\u201d. No cabe duda que esos de Waldo\u00b4s andan con todo, abriendo tiendas por doquier. Sin miedo al \u00e9xito.<\/p>\n","protected":false},"excerpt":{"rendered":"<p>Dado a que este martes me preguntaron mucho que cu\u00e1l es el pleito que se traen el s\u00edndico Jes\u00fas Jasso Montemayor y el Secretario del Ayuntamiento, Juan \u00c1ngel Mart\u00ednez Salazar, &hellip; <a href=\"http:\/\/revistalaneta.com.mx\/?p=486\" class=\"more-link\">Leer m\u00e1s<\/a><\/p>\n","protected":false},"author":1,"featured_media":485,"comment_status":"open","ping_status":"open","sticky":false,"template":"","format":"standard","meta":{"footnotes":""},"categories":[2,3],"tags":[],"class_list":["post-486","post","type-post","status-publish","format-standard","has-post-thumbnail","hentry","category-chismorreo","category-opinion","entry"],"_links":{"self":[{"href":"http:\/\/revistalaneta.com.mx\/index.php?rest_route=\/wp\/v2\/posts\/486","targetHints":{"allow":["GET"]}}],"collection":[{"href":"http:\/\/revistalaneta.com.mx\/index.php?rest_route=\/wp\/v2\/posts"}],"about":[{"href":"http:\/\/revistalaneta.com.mx\/index.php?rest_route=\/wp\/v2\/types\/post"}],"author":[{"embeddable":true,"href":"http:\/\/revistalaneta.com.mx\/index.php?rest_route=\/wp\/v2\/users\/1"}],"replies":[{"embeddable":true,"href":"http:\/\/revistalaneta.com.mx\/index.php?rest_route=%2Fwp%2Fv2%2Fcomments&post=486"}],"version-history":[{"count":1,"href":"http:\/\/revistalaneta.com.mx\/index.php?rest_route=\/wp\/v2\/posts\/486\/revisions"}],"predecessor-version":[{"id":487,"href":"http:\/\/revistalaneta.com.mx\/index.php?rest_route=\/wp\/v2\/posts\/486\/revisions\/487"}],"wp:featuredmedia":[{"embeddable":true,"href":"http:\/\/revistalaneta.com.mx\/index.php?rest_route=\/wp\/v2\/media\/485"}],"wp:attachment":[{"href":"http:\/\/revistalaneta.com.mx\/index.php?rest_route=%2Fwp%2Fv2%2Fmedia&parent=486"}],"wp:term":[{"taxonomy":"category","embeddable":true,"href":"http:\/\/revistalaneta.com.mx\/index.php?rest_route=%2Fwp%2Fv2%2Fcategories&post=486"},{"taxonomy":"post_tag","embeddable":true,"href":"http:\/\/revistalaneta.com.mx\/index.php?rest_route=%2Fwp%2Fv2%2Ftags&post=486"}],"curies":[{"name":"wp","href":"https:\/\/api.w.org\/{rel}","templated":true}]}}