{"id":4894,"date":"2023-04-20T03:58:07","date_gmt":"2023-04-20T03:58:07","guid":{"rendered":"http:\/\/revistalaneta.com.mx\/?p=4894"},"modified":"2023-04-20T03:58:33","modified_gmt":"2023-04-20T03:58:33","slug":"avanza-la-transformacion-del-alumbrado-publico-hacia-el-oriente-y-centro-de-nuevo-laredo","status":"publish","type":"post","link":"http:\/\/revistalaneta.com.mx\/?p=4894","title":{"rendered":"Avanza la transformaci\u00f3n del alumbrado p\u00fablico hacia el oriente y centro de Nuevo Laredo"},"content":{"rendered":"\n<p><\/p>\n\n\n\n<p>Nuevo Laredo, Tamps.- M\u00e1s de 3 mil 600 luminarias del oriente y centro de la ciudad han sido transformadas gracias al programa \u201cNuevo Laredo se Prende\u201d que el Gobierno Municipal lleva a cabo para mejorar el entorno social y la seguridad de las calles.<\/p>\n\n\n\n<p>Como parte de la segunda etapa del programa en la que se contempla el cambio de 6 mil l\u00e1mparas de sodio a tecnolog\u00eda LED, el Gobierno Municipal, a trav\u00e9s de la Secretar\u00eda de Servicios P\u00fablicos Primarios (SSPP), ha transformado vialidades como el sector de la Carretera Nacional.<\/p>\n\n\n\n<p>Horacio Seoane Yeme, titular de la SSPP, explic\u00f3 que este reemplazo de luminarias significa un cambio positivo en la calidad de vida de los neolaredenses debido a que las l\u00e1mparas led tienen mayor duraci\u00f3n y emiten menos gases de di\u00f3xido de carbono en comparaci\u00f3n con las anteriores.<\/p>\n\n\n\n<p>\u201cToda la inversi\u00f3n se recuperar\u00e1 debido a que el consumo de energ\u00eda el\u00e9ctrica es mucho menor, tambi\u00e9n es un ahorro importante para la ciudad que a su vez impacta en el medio ambiente porque reduce la contaminaci\u00f3n\u201d, reiter\u00f3.<\/p>\n\n\n\n<p>En esta segunda etapa, las colonias que se vieron beneficiados fueron: sector Centro, Zaragoza, Victoria, Ju\u00e1rez, Ojo Caliente, Infonavit Fundadores, Las Alamedas, Los \u00c1lamos, Viveros, Jard\u00edn, Guerrero, San Jos\u00e9, Ferrocarrilera.<\/p>\n\n\n\n<p>Tambi\u00e9n, la Madero, SAS, Morelos, Riveras del Bravo, Infonavit Benito Ju\u00e1rez, ISSSTE, M\u00e9xico, Campestre, Bur\u00f3cratas, Hidalgo, Matamoros, San Rafael y Mirador.<\/p>\n\n\n\n<p>Durante la primera etapa se abocaron al sector poniente de Nuevo Laredo, donde se instalaron 6 mil luminarias led en colonias como Francisco Villa, Nueva Era, Campanario, Nueva Victoria, Solidaridad, Voluntades, Reservas Territoriales, entre otras.<\/p>\n\n\n\n<p>Adem\u00e1s se han atendido alrededor de 3 mil 500 reportes realizados por la ciudadan\u00eda mediante el Centro Integral de Gesti\u00f3n y Atenci\u00f3n (CIGA) y se realiz\u00f3 mantenimiento a siete postes de alto montaje, principalmente en la zona aeropuerto.<\/p>\n\n\n\n<p>Agreg\u00f3 que aunado a la campa\u00f1a de \u201cNuevo Laredo se Prende\u201d, el personal de Alumbrado P\u00fablico habilit\u00f3 tambi\u00e9n el 100 por ciento la iluminaci\u00f3n de la carretera a An\u00e1huac en el tramo del Segundo Anillo Perif\u00e9rico al Parque Industrial Oradel.<\/p>\n","protected":false},"excerpt":{"rendered":"<p>Nuevo Laredo, Tamps.- M\u00e1s de 3 mil 600 luminarias del oriente y centro de la ciudad han sido transformadas gracias al programa \u201cNuevo Laredo se Prende\u201d que el Gobierno Municipal &hellip; <a href=\"http:\/\/revistalaneta.com.mx\/?p=4894\" class=\"more-link\">Leer m\u00e1s<\/a><\/p>\n","protected":false},"author":1,"featured_media":4893,"comment_status":"open","ping_status":"open","sticky":false,"template":"","format":"standard","meta":{"footnotes":""},"categories":[1],"tags":[],"class_list":["post-4894","post","type-post","status-publish","format-standard","has-post-thumbnail","hentry","category-sin-categoria","entry"],"_links":{"self":[{"href":"http:\/\/revistalaneta.com.mx\/index.php?rest_route=\/wp\/v2\/posts\/4894","targetHints":{"allow":["GET"]}}],"collection":[{"href":"http:\/\/revistalaneta.com.mx\/index.php?rest_route=\/wp\/v2\/posts"}],"about":[{"href":"http:\/\/revistalaneta.com.mx\/index.php?rest_route=\/wp\/v2\/types\/post"}],"author":[{"embeddable":true,"href":"http:\/\/revistalaneta.com.mx\/index.php?rest_route=\/wp\/v2\/users\/1"}],"replies":[{"embeddable":true,"href":"http:\/\/revistalaneta.com.mx\/index.php?rest_route=%2Fwp%2Fv2%2Fcomments&post=4894"}],"version-history":[{"count":1,"href":"http:\/\/revistalaneta.com.mx\/index.php?rest_route=\/wp\/v2\/posts\/4894\/revisions"}],"predecessor-version":[{"id":4895,"href":"http:\/\/revistalaneta.com.mx\/index.php?rest_route=\/wp\/v2\/posts\/4894\/revisions\/4895"}],"wp:featuredmedia":[{"embeddable":true,"href":"http:\/\/revistalaneta.com.mx\/index.php?rest_route=\/wp\/v2\/media\/4893"}],"wp:attachment":[{"href":"http:\/\/revistalaneta.com.mx\/index.php?rest_route=%2Fwp%2Fv2%2Fmedia&parent=4894"}],"wp:term":[{"taxonomy":"category","embeddable":true,"href":"http:\/\/revistalaneta.com.mx\/index.php?rest_route=%2Fwp%2Fv2%2Fcategories&post=4894"},{"taxonomy":"post_tag","embeddable":true,"href":"http:\/\/revistalaneta.com.mx\/index.php?rest_route=%2Fwp%2Fv2%2Ftags&post=4894"}],"curies":[{"name":"wp","href":"https:\/\/api.w.org\/{rel}","templated":true}]}}