{"id":490,"date":"2022-08-31T15:22:45","date_gmt":"2022-08-31T15:22:45","guid":{"rendered":"http:\/\/revistalaneta.com.mx\/?p=490"},"modified":"2022-08-31T15:25:56","modified_gmt":"2022-08-31T15:25:56","slug":"fallece-el-regidor-y-ex-diputado-local-jorge-valdez-vargas","status":"publish","type":"post","link":"http:\/\/revistalaneta.com.mx\/?p=490","title":{"rendered":"Fallece el regidor y ex diputado local Jorge Valdez Vargas"},"content":{"rendered":"\n<p><\/p>\n\n\n\n<p>Juan Rodr\u00edguez Contreras<br \/>Nuevo Laredo, Tamps.- El regidor del Cabildo de Nuevo Laredo, ex diputado local y ex dirigente estatal del PRD, Jorge Valdez Vargas, falleci\u00f3 esta ma\u00f1ana v\u00edctima de un c\u00e1ncer que le aquejaba desde hace ya tiempo.<br \/>La propia Presidente Municipal de Nuevo Laredo, Carmen Lilia Canturosas Villarreal, confirm\u00f3 la fat\u00eddica noticia a trav\u00e9s de sus redes sociales.<br \/>Valdez Vargas fung\u00eda como regidor en el actual Cabildo de esta ciudad fronteriza, y ya hab\u00eda ocupado ese mismo cargo en la administraci\u00f3n 2008-2010 que encabez\u00f3 Ram\u00f3n Garza Barrios.<br \/>Adem\u00e1s fue diputado local en la LXII Legislatura, bajo la representaci\u00f3n del PRD, partido del cual fue dirigente estatal, y que dej\u00f3 para sumarse a las filas de MORENA.<br \/>El mencionado inici\u00f3 sus correr\u00edas pol\u00edticas en el desaparecido Partido Aut\u00e9ntico de la Revoluci\u00f3n Mexicana (PARM), al lado de Don Carlos Cant\u00fa Rosas, de ah\u00ed que siempre se calificara como 100 por ciento canturrocista, y como tal apoyara a Carlos Canturosas Villarreal cuando \u00e9ste fue alcalde, y ahora a Carmen Lilia Canturosas Villarreal, en la misma posici\u00f3n de la alcald\u00eda.<br \/>Desde hace un a\u00f1o Valdez Vargas afrontaba un problema de c\u00e1ncer en el p\u00e1ncreas que se le fue complicando y finalmente esta ma\u00f1ana falleci\u00f3, tras una larga batalla.<br \/>\u00a1Descanse en paz!<\/p>\n","protected":false},"excerpt":{"rendered":"<p>Juan Rodr\u00edguez ContrerasNuevo Laredo, Tamps.- El regidor del Cabildo de Nuevo Laredo, ex diputado local y ex dirigente estatal del PRD, Jorge Valdez Vargas, falleci\u00f3 esta ma\u00f1ana v\u00edctima de un &hellip; <a href=\"http:\/\/revistalaneta.com.mx\/?p=490\" class=\"more-link\">Leer m\u00e1s<\/a><\/p>\n","protected":false},"author":1,"featured_media":489,"comment_status":"open","ping_status":"open","sticky":false,"template":"","format":"standard","meta":{"footnotes":""},"categories":[6,4],"tags":[],"class_list":["post-490","post","type-post","status-publish","format-standard","has-post-thumbnail","hentry","category-destacado","category-nuevo-laredo","entry"],"_links":{"self":[{"href":"http:\/\/revistalaneta.com.mx\/index.php?rest_route=\/wp\/v2\/posts\/490","targetHints":{"allow":["GET"]}}],"collection":[{"href":"http:\/\/revistalaneta.com.mx\/index.php?rest_route=\/wp\/v2\/posts"}],"about":[{"href":"http:\/\/revistalaneta.com.mx\/index.php?rest_route=\/wp\/v2\/types\/post"}],"author":[{"embeddable":true,"href":"http:\/\/revistalaneta.com.mx\/index.php?rest_route=\/wp\/v2\/users\/1"}],"replies":[{"embeddable":true,"href":"http:\/\/revistalaneta.com.mx\/index.php?rest_route=%2Fwp%2Fv2%2Fcomments&post=490"}],"version-history":[{"count":1,"href":"http:\/\/revistalaneta.com.mx\/index.php?rest_route=\/wp\/v2\/posts\/490\/revisions"}],"predecessor-version":[{"id":491,"href":"http:\/\/revistalaneta.com.mx\/index.php?rest_route=\/wp\/v2\/posts\/490\/revisions\/491"}],"wp:featuredmedia":[{"embeddable":true,"href":"http:\/\/revistalaneta.com.mx\/index.php?rest_route=\/wp\/v2\/media\/489"}],"wp:attachment":[{"href":"http:\/\/revistalaneta.com.mx\/index.php?rest_route=%2Fwp%2Fv2%2Fmedia&parent=490"}],"wp:term":[{"taxonomy":"category","embeddable":true,"href":"http:\/\/revistalaneta.com.mx\/index.php?rest_route=%2Fwp%2Fv2%2Fcategories&post=490"},{"taxonomy":"post_tag","embeddable":true,"href":"http:\/\/revistalaneta.com.mx\/index.php?rest_route=%2Fwp%2Fv2%2Ftags&post=490"}],"curies":[{"name":"wp","href":"https:\/\/api.w.org\/{rel}","templated":true}]}}