{"id":493,"date":"2022-08-31T22:52:47","date_gmt":"2022-08-31T22:52:47","guid":{"rendered":"http:\/\/revistalaneta.com.mx\/?p=493"},"modified":"2022-08-31T22:53:37","modified_gmt":"2022-08-31T22:53:37","slug":"celebraran-independencia-con-bailes-folcloricos","status":"publish","type":"post","link":"http:\/\/revistalaneta.com.mx\/?p=493","title":{"rendered":"Celebrar\u00e1n Independencia con bailes folcl\u00f3ricos"},"content":{"rendered":"\n<p><\/p>\n\n\n\n<p>Nuevo Laredo, Tamps.- &#8220;Festejando la Independencia&#8221; es el programa especial que la Direcci\u00f3n de Arte y Cultura (DAyC)\u00a0 llevar\u00e1 a cabo en septiembre con motivo de las fiestas patrias.<\/p>\n\n\n\n<p>La actividad se llevar\u00e1 a cabo los s\u00e1bados de septiembre, de 4:00 a 5:00 de la tarde en el Centro Comercial &#8220;Paseo Reforma&#8221; y forma parte de las acciones que la instituci\u00f3n ha emprendido con el objetivo de descentralizar la cultura.<\/p>\n\n\n\n<p>&#8220;Celebraremos las &#8216;Fiestas Patrias&#8217; con diferentes programas art\u00edsticos y uno de estos lo realizaremos cada s\u00e1bado en Paseo Reforma&#8221;, dijo Marcos Rodr\u00edguez Leija, Director de DAyC.<\/p>\n\n\n\n<p>&#8220;El objetivo es llevar cada vez m\u00e1s actividades art\u00edsticas a lugares ajenos a los recintos culturales del gobierno y de esta manera ir descentralizando la cultura&#8221;, agreg\u00f3.<\/p>\n\n\n\n<p>La programaci\u00f3n consta de bailables folcl\u00f3ricos mexicanos a cargo de diversas agrupaciones locales expertas en la materia.<\/p>\n\n\n\n<p>El s\u00e1bado 3 de septiembre participar\u00e1 el grupo &#8220;Tamaholipa&#8221; de &#8220;Maquila Creativa&#8221; y el s\u00e1bado 10, participar\u00e1 el grupo de danza folcl\u00f3rica Aidin, de la Casa de la Cultura de la Colonia Viveros.<\/p>\n\n\n\n<p>El s\u00e1bado 17, le corresponder\u00e1 al grupo &#8220;Mextli&#8221; y el s\u00e1bado 24, cerrar\u00e1 con broche de oro y har\u00e1 su debut en p\u00fablico, el grupo de danza comunitario del \u201cOratorio Don Bosco&#8221;.&nbsp;<\/p>\n\n\n\n<p>Todas y cada una de las agrupaciones mencionadas forman parte de la DAyC y estar\u00e1n participando en Paseo Reforma de 4:00 a 5:00 de la tarde.<\/p>\n","protected":false},"excerpt":{"rendered":"<p>Nuevo Laredo, Tamps.- &#8220;Festejando la Independencia&#8221; es el programa especial que la Direcci\u00f3n de Arte y Cultura (DAyC)\u00a0 llevar\u00e1 a cabo en septiembre con motivo de las fiestas patrias. La &hellip; <a href=\"http:\/\/revistalaneta.com.mx\/?p=493\" class=\"more-link\">Leer m\u00e1s<\/a><\/p>\n","protected":false},"author":1,"featured_media":492,"comment_status":"open","ping_status":"open","sticky":false,"template":"","format":"standard","meta":{"footnotes":""},"categories":[4],"tags":[],"class_list":["post-493","post","type-post","status-publish","format-standard","has-post-thumbnail","hentry","category-nuevo-laredo","entry"],"_links":{"self":[{"href":"http:\/\/revistalaneta.com.mx\/index.php?rest_route=\/wp\/v2\/posts\/493","targetHints":{"allow":["GET"]}}],"collection":[{"href":"http:\/\/revistalaneta.com.mx\/index.php?rest_route=\/wp\/v2\/posts"}],"about":[{"href":"http:\/\/revistalaneta.com.mx\/index.php?rest_route=\/wp\/v2\/types\/post"}],"author":[{"embeddable":true,"href":"http:\/\/revistalaneta.com.mx\/index.php?rest_route=\/wp\/v2\/users\/1"}],"replies":[{"embeddable":true,"href":"http:\/\/revistalaneta.com.mx\/index.php?rest_route=%2Fwp%2Fv2%2Fcomments&post=493"}],"version-history":[{"count":1,"href":"http:\/\/revistalaneta.com.mx\/index.php?rest_route=\/wp\/v2\/posts\/493\/revisions"}],"predecessor-version":[{"id":494,"href":"http:\/\/revistalaneta.com.mx\/index.php?rest_route=\/wp\/v2\/posts\/493\/revisions\/494"}],"wp:featuredmedia":[{"embeddable":true,"href":"http:\/\/revistalaneta.com.mx\/index.php?rest_route=\/wp\/v2\/media\/492"}],"wp:attachment":[{"href":"http:\/\/revistalaneta.com.mx\/index.php?rest_route=%2Fwp%2Fv2%2Fmedia&parent=493"}],"wp:term":[{"taxonomy":"category","embeddable":true,"href":"http:\/\/revistalaneta.com.mx\/index.php?rest_route=%2Fwp%2Fv2%2Fcategories&post=493"},{"taxonomy":"post_tag","embeddable":true,"href":"http:\/\/revistalaneta.com.mx\/index.php?rest_route=%2Fwp%2Fv2%2Ftags&post=493"}],"curies":[{"name":"wp","href":"https:\/\/api.w.org\/{rel}","templated":true}]}}