{"id":5,"date":"2022-08-10T04:23:01","date_gmt":"2022-08-10T04:23:01","guid":{"rendered":"http:\/\/revistalaneta.com.mx.previewc75.carrierzone.com\/?p=5"},"modified":"2022-08-10T15:45:03","modified_gmt":"2022-08-10T15:45:03","slug":"un-lio-el-registrarse-para-nacionalizacion-de-carros","status":"publish","type":"post","link":"http:\/\/revistalaneta.com.mx\/?p=5","title":{"rendered":"Un l\u00edo registrarse para nacionalizaci\u00f3n de carros"},"content":{"rendered":"<p><span style=\"font-weight: 400;\">Siguen las quejas ciudadanas en torno a las fallas que trae el sistema de registro para la nacionalizaci\u00f3n de veh\u00edculos americanos que ya est\u00e1n en territorio nacional, pues muchos manifiestan que cuando ya llevan avanzado el registro, el sistema los saca del mismo, y tienen que volver a intentarlo, con los mismos resultados, y total que es el cuento de nunca acabar. Y hasta el momento ninguna autoridad atiende este problema, y solo se limitan a decir que son fallas en el programa, y que hay que insistir hasta lograr el cometido, pero evidentemente todo esto es plan con ma\u00f1a, pues que casualidad que a diario solo se puedan importar de momento 32 unidades, y a la vez sean pocos los registros que se autorizan. Sea como sea, la raza anda encanijada, porque a fin de cuentas, no todos se est\u00e1 viendo favorecidos, con el supuesto beneficio de la legalizaci\u00f3n de veh\u00edculos.<\/span><\/p>\n<p><span style=\"font-weight: 400;\">APLICAN J\u00d3VENES PARA CONSEGUIR TRABAJO<\/span><\/p>\n<p><span style=\"font-weight: 400;\">Un total de 103 j\u00f3venes fueron registrados para ser tomados en cuenta en un empleo formal, esto durante el Programa Empleo Joven en tu Colonia, que organiz\u00f3 el Gobierno Municipal, a trav\u00e9s de la Secretar\u00eda de Desarrollo Econ\u00f3mico y el Instituto Municipal para el Desarrollo de la Juventud (IMJUVE). De acuerdo a las estad\u00edsticas, acudieron 167 j\u00f3venes a solicitar informes al respecto y presentar sus solicitudes laborales, y 103 de ellos lograron conseguir una oportunidad, en la cual se ofrecieron alrededor de 1,500 vacantes por parte de 15 empresas, que requieren justamente de personas entre 19 y 29 a\u00f1os de edad, para diversas labores en las ramas de comercio, industria y servicios. Dicho programa se realiz\u00f3 en el parque Villas de Sanmiguel, situado en D\u00eda del Trabajo y Bulevar Sanmiguel y Santa Mar\u00eda, entre las nueve de la ma\u00f1ana y las 12 del mediod\u00eda.<\/span><\/p>\n<p><span style=\"font-weight: 400;\">HABR\u00c1 BRIGADA M\u00c9DICA ASISTENCIAL Y DE SALUD ANIMAL<\/span><\/p>\n<p><span style=\"font-weight: 400;\">Para este mi\u00e9rcoles est\u00e1 programado realizar otra Brigada M\u00e9dico Asistencial y de Salud Animal en la Colonia Primero de Mayo por parte del Gobierno Municipal de Nuevo Laredo, que en esta ocasi\u00f3n ser\u00e1 en la colonia Primero de Mayo, justo en el dispensario m\u00e9dico situado en San Jacinto entre Santa Emiliana y San Eliseo, en horario de 10 de la ma\u00f1ana a una de la tarde. All\u00ed se dar\u00e1n consultas m\u00e9dicas, detecci\u00f3n oportuna de diabetes mellitus y de hipertensi\u00f3n arterial, consulta dental, pedi\u00e1trica y ginecol\u00f3gica, valoraci\u00f3n de optometrista y valoraci\u00f3n nutricional, as\u00ed como habr\u00e1 apoyo psicol\u00f3gico y el DIF instalar\u00e1 un m\u00f3dulo de trabajo social, esto en lo que compete para las personas. Y en el caso de las mascotas se ofrecer\u00e1 consulta veterinaria, desparasitaciones, vacuna antirr\u00e1bica, ultrasonido, corte de u\u00f1as, corte de pelo, limpieza dental y en esta ocasi\u00f3n, entrega de jabones antipulgas y de pastillas contra las garrapatas. Aprovechen.<\/span><\/p>\n<p><span style=\"font-weight: 400;\">NUEVO LAREDO PODR\u00cdA TENER DOS DIPUTACIONES FEDERALES<\/span><\/p>\n<p><span style=\"font-weight: 400;\">Entre lo bueno para Nuevo Laredo de que la diputada local panista, Imelda Sanmiguel S\u00e1nchez, est\u00e9 siendo considerada como pr\u00f3xima secretaria general del comit\u00e9 estatal del Partido Acci\u00f3n Nacional (PAN) de Tamaulipas, figura el hecho de que con ello podr\u00eda estar garantizando ser tomada en cuenta como candidata a diputada federal plurinominal para las pr\u00f3ximas elecciones del 2024, y en caso de lograr llegar a San L\u00e1zaro, esta ciudad fronteriza estar\u00e1 contando entonces con m\u00ednimo dos diputados federales, pues se agregar\u00eda quien gane la elecci\u00f3n de mayor\u00eda. Y obviamente el tener dos representantes en la C\u00e1mara de Diputados, puede redundar en mejores beneficios para los neolaredenses. Digo, todav\u00eda falta que se logre el cometido, pero pinta bien el asunto para ello.<\/span><\/p>\n<p><span style=\"font-weight: 400;\">PIDEN CAMBIAR CR\u00c9DITO DE INFONAVIT DE VSM A PESOS<\/span><\/p>\n<p><span style=\"font-weight: 400;\">El Instituto del Fondo Nacional para la Vivienda de los Trabajadores (INFONAVIT) est\u00e1 exhortando a los derechohabientes con cr\u00e9ditos a cambiar estos de salario m\u00ednimo a pesos, y con esto evitar un aumento en sus mensualidades en el 2023. Para tal efecto se les solicita realizar la conversi\u00f3n a trav\u00e9s de la Ventanilla Universal de Responsabilidad Compartida en micuenta.infonavit.org.mx y con ello tener la certeza de cu\u00e1nto pagar\u00e1n durante el tiempo que quede de su financiamiento y acceder a una tasa de inter\u00e9s fija de entre 1 por ciento y 10.45 por ciento. Cabe apunar que todos los cr\u00e9ditos denominados en VSM registran un ajuste anual ligado al aumento del salario m\u00ednimo o a la Unidad Mixta Infonavit (UMI), la cual se calcula a\u00f1o con a\u00f1o con base en el incremento de la Unidad de Medida y Actualizaci\u00f3n (UMA). Por lo que aquellos derechohabientes que tramitaron su cr\u00e9dito antes de 2016, lo m\u00e1s probable es que su financiamiento est\u00e9 denominado en VSM, de ah\u00ed que se les pida hacer el cambio, para su propio beneficio.<\/span><\/p>\n<p><span style=\"font-weight: 400;\">LO \u00daLTIMO<\/span><\/p>\n<p><span style=\"font-weight: 400;\">El Director General de M\u00e9xico S.O.S., Orlando Camacho Nacenta, estuvo en Ciudad Victoria, donde asegur\u00f3 que Tamaulipas es un modelo exitoso de recuperaci\u00f3n de la seguridad p\u00fablica a nivel nacional, gracias al trabajo coordinado entre gobierno y sociedad, y a las estrategias de seguridad y procuraci\u00f3n de justicia implementadas por la administraci\u00f3n de Francisco Garc\u00eda Cabeza de Vaca\u2026 Para este pr\u00f3ximo s\u00e1bado 13 y domingo 14 de agosto, se ha programado el cierre a la circulaci\u00f3n debajo del denominado \u201cpuente negro\u201d, debido a trabajos que llevar\u00e1 a cabo la empresa ferroviaria Kansas City Southern de M\u00e9xico, consistentes en cambio de durmientes sobre las v\u00edas f\u00e9rreas situadas encima del referido puente. Por lo tanto se exhorta a los automovilistas a buscar v\u00edas alternas\u2026 Mucha gente se est\u00e1 quejando de que les lleg\u00f3 bien \u201ccargado\u201d el recibo de luz. Y es que aparte de los altos consumos de luz, generados por el uso excesivo de aparatos de aire acondicionado y abanicos para mitigar el intenso calor, tambi\u00e9n hay que considerar que hubo aumento en las tarifas el\u00e9ctricas, lo que representa otro golpe m\u00e1s a la ya de por s\u00ed deteriorada econom\u00eda familiar.<\/span><\/p>\n","protected":false},"excerpt":{"rendered":"<p>Siguen las quejas ciudadanas en torno a las fallas que trae el sistema de registro para la nacionalizaci\u00f3n de veh\u00edculos americanos que ya est\u00e1n en territorio nacional, pues muchos manifiestan &hellip; <a href=\"http:\/\/revistalaneta.com.mx\/?p=5\" class=\"more-link\">Leer m\u00e1s<\/a><\/p>\n","protected":false},"author":1,"featured_media":94,"comment_status":"open","ping_status":"open","sticky":false,"template":"","format":"standard","meta":{"footnotes":""},"categories":[2,3],"tags":[],"class_list":["post-5","post","type-post","status-publish","format-standard","has-post-thumbnail","hentry","category-chismorreo","category-opinion","entry"],"_links":{"self":[{"href":"http:\/\/revistalaneta.com.mx\/index.php?rest_route=\/wp\/v2\/posts\/5","targetHints":{"allow":["GET"]}}],"collection":[{"href":"http:\/\/revistalaneta.com.mx\/index.php?rest_route=\/wp\/v2\/posts"}],"about":[{"href":"http:\/\/revistalaneta.com.mx\/index.php?rest_route=\/wp\/v2\/types\/post"}],"author":[{"embeddable":true,"href":"http:\/\/revistalaneta.com.mx\/index.php?rest_route=\/wp\/v2\/users\/1"}],"replies":[{"embeddable":true,"href":"http:\/\/revistalaneta.com.mx\/index.php?rest_route=%2Fwp%2Fv2%2Fcomments&post=5"}],"version-history":[{"count":5,"href":"http:\/\/revistalaneta.com.mx\/index.php?rest_route=\/wp\/v2\/posts\/5\/revisions"}],"predecessor-version":[{"id":98,"href":"http:\/\/revistalaneta.com.mx\/index.php?rest_route=\/wp\/v2\/posts\/5\/revisions\/98"}],"wp:featuredmedia":[{"embeddable":true,"href":"http:\/\/revistalaneta.com.mx\/index.php?rest_route=\/wp\/v2\/media\/94"}],"wp:attachment":[{"href":"http:\/\/revistalaneta.com.mx\/index.php?rest_route=%2Fwp%2Fv2%2Fmedia&parent=5"}],"wp:term":[{"taxonomy":"category","embeddable":true,"href":"http:\/\/revistalaneta.com.mx\/index.php?rest_route=%2Fwp%2Fv2%2Fcategories&post=5"},{"taxonomy":"post_tag","embeddable":true,"href":"http:\/\/revistalaneta.com.mx\/index.php?rest_route=%2Fwp%2Fv2%2Ftags&post=5"}],"curies":[{"name":"wp","href":"https:\/\/api.w.org\/{rel}","templated":true}]}}