{"id":511,"date":"2022-09-01T13:09:00","date_gmt":"2022-09-01T13:09:00","guid":{"rendered":"http:\/\/revistalaneta.com.mx\/?p=511"},"modified":"2022-09-01T13:09:14","modified_gmt":"2022-09-01T13:09:14","slug":"genio-y-figura-hasta-la-sepultura","status":"publish","type":"post","link":"http:\/\/revistalaneta.com.mx\/?p=511","title":{"rendered":"GENIO Y FIGURA, HASTA LA SEPULTURA"},"content":{"rendered":"\n<p><\/p>\n\n\n\n<p>-Falleci\u00f3 Jorge Valdez<\/p>\n\n\n\n<p>-El c\u00e1ncer lo&nbsp; invadi\u00f3 hace algunos meses<\/p>\n\n\n\n<p>-Francisco Altamirano, su suplente<\/p>\n\n\n\n<p>Tiempo de opinar<\/p>\n\n\n\n<p>Ra\u00fal Hern\u00e1ndez Moreno<\/p>\n\n\n\n<p>A mediados de le d\u00e9cada de los ochentas, Jorge Valdez Vargas era uno de los activistas&nbsp; juveniles m\u00e1s entusiastas del PARM. Participaba en las&nbsp; campa\u00f1as pintando las siglas del PARM en los postes, en los recorridos en las colonias, pegando calcas, entregando propaganda en los cruceros. No eran muchos los parmistas, pero si armaban mucho ruido.<\/p>\n\n\n\n<p>En 1991 junto con Carlos Cant\u00fa Rosas Jr., se les vio en la campa\u00f1a de diputado federal, apoyando a Carlos Cant\u00fa Rosas padre. En el 95, Cant\u00fa Rosas volvi\u00f3 a ser candidato, ahora a la presidencia municipal y ah\u00ed estuvo Jorge apoy\u00e1ndolo.<\/p>\n\n\n\n<p>Cuando el PARM despareci\u00f3 &nbsp;Jorge, y muchos parmistas, emigraron al PRD, al lado de V\u00edctor Martell y Jos\u00e9 \u00c1ngel Valdez Reyna, que le dieron una nueva imagen, m\u00e1s cr\u00edtico,&nbsp; m\u00e1s combativo, m\u00e1s cercano a la gente, como regidores en el trienio 1999-2001.<\/p>\n\n\n\n<p>Al fin ex seminarista, en el 2000, Jorge Valdez cumpli\u00f3 el sue\u00f1o de todo cat\u00f3lico: visit\u00f3 Jerusal\u00e9n, con el patrocinio de Martell y Valdez y del propio alcalde Horacio Garza. A un servidor le trajo de recuerdo&nbsp; un peri\u00f3dico israelita.<\/p>\n\n\n\n<p>En el 2001 fue&nbsp; candidato a regidor en el primer lugar de la lista&nbsp; y la mala suerte quiso que el PRD no alcanzara el m\u00ednimo legal para alcanzar una posici\u00f3n de minor\u00eda. Para colmo, el d\u00eda de la elecci\u00f3n perdi\u00f3 una apuesta de 10 mil pesos ante el panista Eliseo Ra\u00fal Huerta que le asegur\u00f3 que no llegar\u00eda. Y Huerta le gan\u00f3 la apuesta.<\/p>\n\n\n\n<p>En el 2004 a Jorge se le hizo llegar a regidor plurinominal para el trienio 2005-2007.<\/p>\n\n\n\n<p>A finales del 2010 fue electo presidente del Comit\u00e9 Directivo Estatal del PRD, en el trienio &nbsp;2013 a 2016 fue diputado de representaci\u00f3n proporcional y en el 2016 fue candidato a gobernador, por el mismo partido.<\/p>\n\n\n\n<p>En noviembre de 2018&nbsp; renunci\u00f3 a su militancia en el PRD para sumarse a Morena, partido que le dio la oportunidad de ser candidato a regidor en el 2021, posici\u00f3n que desempe\u00f1aba desde el 1 de octubre de ese a\u00f1o.<\/p>\n\n\n\n<p>Genio y figura&nbsp; hasta la sepultura, Jorge Valdez siempre&nbsp; fue frontal, lapidario en &nbsp;sus comentarios a los adversarios. Nunca se anduvo por las ramas. La controversia siempre lo acompa\u00f1o, incluso en los \u00faltimos meses, ya enfermo de c\u00e1ncer de estomago.<\/p>\n\n\n\n<p>En el cabildo, se lanzaba contra los opositores, lo mismo contra Jorge Ram\u00edrez Rubio, Daniel Trevi\u00f1o, Samantha Bulas. No le importaba el g\u00e9nero, ni los grados acad\u00e9micos. Muchas veces fue cruel. Pero&nbsp; nadie se sorprend\u00eda, &nbsp;ese siempre&nbsp; fue su estilo.<\/p>\n\n\n\n<p>El suplente&nbsp; de Jorge Valdez en el cabildo es el maestro Francisco Javier Altamirano Carrasco, actual director de educaci\u00f3n municipal.<\/p>\n\n\n\n<p>Con su fallecimiento queda ac\u00e9falo el Frente \u00danico\u00a0 del Trabajo, organismo formado semanas atr\u00e1s y cuya presidencia ostentaba Jorge. Tambi\u00e9n se convocar\u00e1 a un\u00a0 nuevo congresista\u00a0 estatal en Morena, que debe ser por prelaci\u00f3n, es decir, el que\u00a0 haya quedado en sexto lugar de las votaciones recientes.<\/p>\n\n\n\n<p>La presidenta&nbsp; Carmen Lilia Canturosas pierde a quien posiblemente era su mejor aliado en el cabildo y que no titube\u00f3 en apoyarla, cuando meses atr\u00e1s se&nbsp; habl\u00f3 de que&nbsp; se hab\u00eda&nbsp; girado una orden de aprehensi\u00f3n&nbsp; en su contra.<\/p>\n\n\n\n<p>Jorge Valdez no solo moviliz\u00f3 a decenas de colonos en apoyo a la alcaldesa, tambi\u00e9n&nbsp; hizo fuertes declaraciones en contra del gobernador Francisco Garc\u00eda Cabeza de Vaca, autor del acoso a Carmen Lilia.<\/p>\n\n\n\n<p>Descanse en paz.<\/p>\n","protected":false},"excerpt":{"rendered":"<p>-Falleci\u00f3 Jorge Valdez -El c\u00e1ncer lo&nbsp; invadi\u00f3 hace algunos meses -Francisco Altamirano, su suplente Tiempo de opinar Ra\u00fal Hern\u00e1ndez Moreno A mediados de le d\u00e9cada de los ochentas, Jorge Valdez &hellip; <a href=\"http:\/\/revistalaneta.com.mx\/?p=511\" class=\"more-link\">Leer m\u00e1s<\/a><\/p>\n","protected":false},"author":1,"featured_media":0,"comment_status":"open","ping_status":"open","sticky":false,"template":"","format":"standard","meta":{"footnotes":""},"categories":[2,3],"tags":[],"class_list":["post-511","post","type-post","status-publish","format-standard","hentry","category-chismorreo","category-opinion","entry"],"_links":{"self":[{"href":"http:\/\/revistalaneta.com.mx\/index.php?rest_route=\/wp\/v2\/posts\/511","targetHints":{"allow":["GET"]}}],"collection":[{"href":"http:\/\/revistalaneta.com.mx\/index.php?rest_route=\/wp\/v2\/posts"}],"about":[{"href":"http:\/\/revistalaneta.com.mx\/index.php?rest_route=\/wp\/v2\/types\/post"}],"author":[{"embeddable":true,"href":"http:\/\/revistalaneta.com.mx\/index.php?rest_route=\/wp\/v2\/users\/1"}],"replies":[{"embeddable":true,"href":"http:\/\/revistalaneta.com.mx\/index.php?rest_route=%2Fwp%2Fv2%2Fcomments&post=511"}],"version-history":[{"count":1,"href":"http:\/\/revistalaneta.com.mx\/index.php?rest_route=\/wp\/v2\/posts\/511\/revisions"}],"predecessor-version":[{"id":512,"href":"http:\/\/revistalaneta.com.mx\/index.php?rest_route=\/wp\/v2\/posts\/511\/revisions\/512"}],"wp:attachment":[{"href":"http:\/\/revistalaneta.com.mx\/index.php?rest_route=%2Fwp%2Fv2%2Fmedia&parent=511"}],"wp:term":[{"taxonomy":"category","embeddable":true,"href":"http:\/\/revistalaneta.com.mx\/index.php?rest_route=%2Fwp%2Fv2%2Fcategories&post=511"},{"taxonomy":"post_tag","embeddable":true,"href":"http:\/\/revistalaneta.com.mx\/index.php?rest_route=%2Fwp%2Fv2%2Ftags&post=511"}],"curies":[{"name":"wp","href":"https:\/\/api.w.org\/{rel}","templated":true}]}}