{"id":516,"date":"2022-09-01T13:20:37","date_gmt":"2022-09-01T13:20:37","guid":{"rendered":"http:\/\/revistalaneta.com.mx\/?p=516"},"modified":"2022-09-01T13:26:00","modified_gmt":"2022-09-01T13:26:00","slug":"consternacion-tras-deceso-de-regidor","status":"publish","type":"post","link":"http:\/\/revistalaneta.com.mx\/?p=516","title":{"rendered":"CONSTERNACI\u00d3N TRAS DECESO DE REGIDOR"},"content":{"rendered":"\n<p>Luego de casi un a\u00f1o enfermo tras detect\u00e1rsele c\u00e1ncer de p\u00e1ncreas, el regidor Jorge Valdez Vargas falleci\u00f3 la ma\u00f1ana del mi\u00e9rcoles en su casa en Nuevo Laredo. Quien fuera diputado local de la LXII Legislatura y candidato a gobernador en las elecciones del 2016 mantuvo casi en secreto su padecimiento y solo un grupo de personas muy cercanas a \u00e9l lo sab\u00edan, aunque para muchos empez\u00f3 a ser notorio su mal luego de perder mucho peso y v\u00e9rsele p\u00e1lido, aunque a\u00fan as\u00ed nunca reconoci\u00f3 estar enfermo, como una manera de darse \u00e1nimo a si mismo. Sin embargo en las \u00faltimas tres semanas su situaci\u00f3n de salud empeor\u00f3 y finalmente este mi\u00e9rcoles alrededor de las nueve de la ma\u00f1ana falleci\u00f3, causando con ello gran consternaci\u00f3n en el \u00e1mbito pol\u00edtico local, y sobre todo al interior de la Presidencia Municipal, donde por cierto se colocaron mo\u00f1os negros en se\u00f1al de duelo por su partida. Su cuerpo empez\u00f3 a ser velado desde este mi\u00e9rcoles por la noche y se continuar\u00e1 este jueves hasta las 2.40 de la tarde. De ah\u00ed ser\u00e1 trasladado a la Catedral del Esp\u00edritu Santo para una misa de cuerpo presente y posteriormente ser sepultado a las 3.50 de la tarde en el pante\u00f3n Jard\u00edn de los \u00c1ngeles. \u00a1Descansa en paz bro!<\/p>\n\n\n\n<p>SIEMPRE EN LA IZQUIERDA<br \/>Jorge Valdez Vargas fue un pol\u00edtico totalmente de izquierda. Empez\u00f3 su carrera pol\u00edtica en el Partido Aut\u00e9ntico de la Revoluci\u00f3n Mexicana (PARM) al lado de Don Carlos Cant\u00fa Rosas, de ah\u00ed que siempre se considerara cien por ciento Canturrocista y como tal respald\u00f3 a Carlos Canturosas Villarreal cuando este fue alcalde en el per\u00edodo 2013-2016, como igualmente a Carmen Lilia Canturosas Villarreal, como actual alcaldesa. Tras la desaparici\u00f3n el PARM se sum\u00f3 a las filas del Partido de la Revoluci\u00f3n Democr\u00e1tica (PRD) donde lleg\u00f3 a ser presidente del comit\u00e9 municipal de dicho instituto pol\u00edtico y regidor en la administraci\u00f3n 2008-2010 que encabez\u00f3 Ram\u00f3n Garza Barrios. De ah\u00ed se fue a dirigir el PRD a nivel estatal y posteriormente fue diputado local en el per\u00edodo 2013-2016. En el 2016 fue candidato a gobernador por el PRD, partido que abandon\u00f3 para sumarse a las filas de MORENA y regresar como regidor en la presente administraci\u00f3n, donde sin duda deja un gran vac\u00edo, pues era el regidor m\u00e1s representativo de la 4T.<\/p>\n\n\n\n<p>\u00bfQU\u00c9 VIENE TRAS LA MUERTE DE JORGE?<br \/>Obviamente muchos se preguntan qu\u00e9 va a pasar tras la muerte de Jorge Valdez Vargas, esto dado el preponderante papel que ostentaba en la actual administraci\u00f3n municipal. Y en este sentido quien debe estar listo para sucederlo como regidor es justamente su suplente, el profesor Francisco Javier Altamirano Carrasco, quien actualmente es el Director de Educaci\u00f3n Municipal. Solo en caso de que el profesor Altamirano no quiera asumir el cargo, entonces el Cabildo propondr\u00eda una terna al Congreso del Estado. Ahora bien, Jorge ten\u00eda el cargo de coordinador de la bancada de MORENA ante el Cabildo, por lo que en este caso habr\u00e1 que ver quien lo sucede en tal posici\u00f3n. En este tenor se menciona a los s\u00edndicos Jes\u00fas Jasso Montemayor e Imelda Mangin Torre, o bien al regidor Luis Cavazos C\u00e1rdenas. Incluso no hay que descartar al propio Altamirano, pues aunque muchos no lo conocen, tiene amplias tablas pol\u00edticas, y bien podr\u00eda con el paquete.<\/p>\n\n\n\n<p>OFICIALIZAN REELECCI\u00d3N DE \u201cEL CACHORRO\u201d CANT\u00da<br \/>El Consejo Pol\u00edtico Estatal del Partido Acci\u00f3n Nacional (PAN) de Tamaulipas, certific\u00f3 a la nueva directiva del comit\u00e9 estatal de dicho instituto pol\u00edtico para el per\u00edodo 2022-2025, luego de que solo se registrara una planilla, y por lo tanto no hay necesidad de celebrar elecciones internas el 2 de octubre, como se program\u00f3. De esta manera Luis Ren\u00e9 Cant\u00fa Galv\u00e1n se reelige en la dirigencia panista, en medio de una gran inconformidad de muchos panistas, que no lo catalogan como un buen l\u00edder, pues perdi\u00f3 las dos \u00faltimas elecciones, mandando al PAN a la lona. Sin embargo es claro que fue impuesto en el cargo, para desde esa posici\u00f3n seguir con la guerra hacia Am\u00e9rico Villarreal Anaya, una vez que este entre en funciones como gobernador. De esta manera el propio PAN se da su estocada final.<\/p>\n\n\n\n<p>PESE A LA INFLACI\u00d3N AMLO MANTIENE SU POPULARIDAD<br>Una encuesta publicada por el Grupo Reforma indica que el 77 por ciento de la ciudadan\u00eda se siente afectada por la inflaci\u00f3n que azota al pa\u00eds, a la vez que el 53 por ciento considera que la econom\u00eda ha empeorado, mientras que solo el 20 por ciento cree que ha mejorado. Asimismo el 42 por ciento se siente afectada personalmente en sus finanzas ante la crisis que estamos viviendo, y solo el 18 por ciento dice que ha mejorado. Aun as\u00ed el Presidente Andr\u00e9s Manuel L\u00f3pez Obrador mantiene una aprobaci\u00f3n del 61 por ciento en su mandato, contra un 33 por ciento que lo reprueba. La estad\u00edstica revela adem\u00e1s que el 68 por ciento considera que la violencia en el pa\u00eds, ha aumentado, en tanto que el 66 por ciento dice que la inseguridad sigue al alza y el 63 por ciento que la presencia del crimen organizado en el pa\u00eds, est\u00e1 en empuje. A la par el 69 por ciento cree que se debe actuar con m\u00e1s fuerza contra el crimen organizado, contra solo un 16 por ciento que apoya la estrategia del presidente de \u201cabrazos, no balazos\u201d.<\/p>\n\n\n\n<p>LOS PROS Y LOS CONTRAS<br \/>A la vez en los rubros de apoyos en programas sociales el Presidente Andr\u00e9s Manuel L\u00f3pez Obrador sale bien librado, con un 64 por ciento de apoyo contra solo un 15 de rechazo, mientras que en educaci\u00f3n el 53 por ciento lo respalda contra un 20 en contra. En relaci\u00f3n a combate a la pobreza hay un 42 por ciento a favor, contra un 27 por ciento, y en la relaci\u00f3n con Estados Unidos el 36 por ciento cree que se va bien, contra un 20 por ciento que dice que no se lleva buen rumbo. En contraparte en combate a la corrupci\u00f3n solo el 34 por ciento respalda, pero el 36 por ciento desaprueba, mientras que en econom\u00eda el 32 por ciento dice que se va bien y el 36 por ciento que no. En abasto de medicamentos el 29 por ciento aprueba y el 38 por ciento desaprueba, a la vez que en seguridad la aceptaci\u00f3n es del 29 por ciento contra el 44 por ciento de rechazo y en combate al crimen organizado solo el 21 por ciento respalda, pero el 48 por ciento cree que se va mal. En resumen, el mandatario nacional tiene que aplicarse m\u00e1s en las cuestiones de seguridad.<\/p>\n\n\n\n<p>MUCHAS QUEJAS CONTRA SANTANDER<br \/>Ya son mucha las quejas de usuarios del banco Santander que se quejan de que los cajeros autom\u00e1ticos de esta empresa no les dan el dinero que van a sacar, pero si se los rebaja de la cuenta, y lo peor es que cuando reclaman localmente les dicen que tienen que hablar directamente a la Ciudad de M\u00e9xico y presentar la queja, y de all\u00e1 les salen con que van a tardar en reponerles el dinero. Hay otros usuarios que tambi\u00e9n reportan que el cajero \u201cles come\u201d la tarjeta, e igualmente para reponerla tienen que realizar toda una tramitolog\u00eda engorrosa y que genera mucha p\u00e9rdida de tiempo. En resumen, muy mal el servicio que brinda el banco Santander.<\/p>\n\n\n\n<p>LO \u00daLTIMO<br \/>Gustavo Rojo Vel\u00e1squez dej\u00f3 de ser el Subdirector Acad\u00e9mico del Instituto Tecnol\u00f3gico de Nuevo Laredo. Durante su encargo desempe\u00f1\u00f3 una gran labor, y su salida al parecer obedece a que aplicar\u00e1 para una direcci\u00f3n en otro tecnol\u00f3gico\u2026 Por cierto que al interior del Tec de Nuevo Laredo, hay preocupaci\u00f3n por la salud del director de dicho instituto, el ingeniero Javier Octavio N\u00fa\u00f1ez Ram\u00edrez, ya que desde hace tiempo viene afrontando una enfermedad. No obstante sigue al pendiente de la instituci\u00f3n educativa, lo cual se le reconoce y se le agradece, a la vez que se le desea recuperaci\u00f3n\u2026 Este jueves est\u00e1 programada la entrega de becas a alumnos de la Facultad de Comercio, Administraci\u00f3n y Ciencias Sociales (FCACS) por parte de la Asociaci\u00f3n Ex-A-UAT-NLD en las instalaciones del mismo plantel educativo, a partir de las 9.45 horas\u2026 La elecci\u00f3n del senador Alejandro Armenta Mier como nuevo presidente de la mesa directiva del Senado de la Rep\u00fablica, es un triunfo para el senador Ricardo Monreal \u00c1vila, presidente de la Junta de Coordinaci\u00f3n Pol\u00edtica del mismo Senado, y lo fortalece en sus aspiraciones por la candidatura a la Presidencia de la Rep\u00fablica. Y ojo, porque no precisamente puede ser por MORENA\u2026El grupo de parrilleros Mezcaleros, ya est\u00e1 en B\u00e9lgica para participar en el concurso internacional de parrilleros a celebrarse del 2 al 4 de septiembre en dicho pa\u00eds europeo. Bien por ellos.<\/p>\n","protected":false},"excerpt":{"rendered":"<p>Luego de casi un a\u00f1o enfermo tras detect\u00e1rsele c\u00e1ncer de p\u00e1ncreas, el regidor Jorge Valdez Vargas falleci\u00f3 la ma\u00f1ana del mi\u00e9rcoles en su casa en Nuevo Laredo. Quien fuera diputado &hellip; <a href=\"http:\/\/revistalaneta.com.mx\/?p=516\" class=\"more-link\">Leer m\u00e1s<\/a><\/p>\n","protected":false},"author":1,"featured_media":0,"comment_status":"open","ping_status":"open","sticky":false,"template":"","format":"standard","meta":{"footnotes":""},"categories":[2,3],"tags":[],"class_list":["post-516","post","type-post","status-publish","format-standard","hentry","category-chismorreo","category-opinion","entry"],"_links":{"self":[{"href":"http:\/\/revistalaneta.com.mx\/index.php?rest_route=\/wp\/v2\/posts\/516","targetHints":{"allow":["GET"]}}],"collection":[{"href":"http:\/\/revistalaneta.com.mx\/index.php?rest_route=\/wp\/v2\/posts"}],"about":[{"href":"http:\/\/revistalaneta.com.mx\/index.php?rest_route=\/wp\/v2\/types\/post"}],"author":[{"embeddable":true,"href":"http:\/\/revistalaneta.com.mx\/index.php?rest_route=\/wp\/v2\/users\/1"}],"replies":[{"embeddable":true,"href":"http:\/\/revistalaneta.com.mx\/index.php?rest_route=%2Fwp%2Fv2%2Fcomments&post=516"}],"version-history":[{"count":1,"href":"http:\/\/revistalaneta.com.mx\/index.php?rest_route=\/wp\/v2\/posts\/516\/revisions"}],"predecessor-version":[{"id":517,"href":"http:\/\/revistalaneta.com.mx\/index.php?rest_route=\/wp\/v2\/posts\/516\/revisions\/517"}],"wp:attachment":[{"href":"http:\/\/revistalaneta.com.mx\/index.php?rest_route=%2Fwp%2Fv2%2Fmedia&parent=516"}],"wp:term":[{"taxonomy":"category","embeddable":true,"href":"http:\/\/revistalaneta.com.mx\/index.php?rest_route=%2Fwp%2Fv2%2Fcategories&post=516"},{"taxonomy":"post_tag","embeddable":true,"href":"http:\/\/revistalaneta.com.mx\/index.php?rest_route=%2Fwp%2Fv2%2Ftags&post=516"}],"curies":[{"name":"wp","href":"https:\/\/api.w.org\/{rel}","templated":true}]}}