{"id":531,"date":"2022-09-02T03:35:31","date_gmt":"2022-09-02T03:35:31","guid":{"rendered":"http:\/\/revistalaneta.com.mx\/?p=531"},"modified":"2022-09-02T03:35:43","modified_gmt":"2022-09-02T03:35:43","slug":"se-instalo-comite-de-transicion","status":"publish","type":"post","link":"http:\/\/revistalaneta.com.mx\/?p=531","title":{"rendered":"SE INSTAL\u00d3 COMIT\u00c9 DE TRANSICI\u00d3N"},"content":{"rendered":"\n<p><\/p>\n\n\n\n<p>-Hay que ver c\u00f3mo act\u00faa Cabeza en este mes que le queda<\/p>\n\n\n\n<p>-Morena exige al PAN acatar fallo del TRIETALM<\/p>\n\n\n\n<p>-Enrique Vargas del Villar, bandido grande<\/p>\n\n\n\n<p>Tiempo de opinar<\/p>\n\n\n\n<p>Ra\u00fal Hern\u00e1ndez Moreno<\/p>\n\n\n\n<p>Este d\u00eda entr\u00f3 en funciones el Comit\u00e9 de Transici\u00f3n entre el gobierno entrante y el saliente.<\/p>\n\n\n\n<p>El doctor Jes\u00fas Lav\u00edn Ver\u00e1stegi, coordinador del equipo del gobernador electo Am\u00e9rico Villarreal, que cuenta con 10 elementos, dijo que el proceso se realizar\u00e1 con apego a la legalidad y absoluta transparencia.<\/p>\n\n\n\n<p>Habr\u00e1 que ver si el gobernador Francisco Garc\u00eda Cabeza de Vaca act\u00faa con mesura en lo que resta del presente mes, pues intento robarse la elecci\u00f3n y con la complicidad del Congreso pretendi\u00f3 acotar las funciones de la pr\u00f3xima administraci\u00f3n.<\/p>\n\n\n\n<p>Por supuesto, lo m\u00e1s seguro es que se mantenga en rebeld\u00eda y en un descuido con la complicidad del Moyo Garc\u00eda prolonga su per\u00edodo como gobernador&nbsp; por 12 a\u00f1os m\u00e1s.<\/p>\n\n\n\n<p>Tras sostener un primer encuentro este mediod\u00eda en las instalaciones del CRETAM con su contraparte del gobierno saliente, Lav\u00edn Ver\u00e1stegui explic\u00f3 que el d\u00eda de ma\u00f1ana se realizar\u00e1 en estas mismas oficinas la reuni\u00f3n de las 10 personas que integran cada comit\u00e9 y a partir del lunes comenzar\u00e1n las visitas presenciales a las dependencias de Gobierno o de los Organismos P\u00fablicos Descentralizados del estado.<\/p>\n\n\n\n<p>Agreg\u00f3 que por el momento los 10 integrantes del Comit\u00e9 de Transici\u00f3n estar\u00e1n al frente de la supervisi\u00f3n de los recursos humanos, financieros y materiales de cada dependencia y seg\u00fan se vaya requiriendo se echar\u00e1 mano del resto del equipo que est\u00e1 debidamente capacitado para tal encomienda.<\/p>\n\n\n\n<p>El equipo de Lav\u00edn lo integran: Vicente Hern\u00e1ndez Navarro, Norma Ang\u00e9lica Pedraza Melo, Luc\u00eda Aim\u00e9 Castillo Pastor, Francisco Cruz Vela, Ver\u00f3nica Adriana Aguirre de los Santos, D\u00e1maso Leonardo Anaya Alvarado, Ra\u00fal Hern\u00e1ndez Chavarr\u00eda, Luis Gerardo Illoldi Reyes y H\u00e9ctor Iv\u00e1n Reyes Herrera.<\/p>\n\n\n\n<p>Por su parte, el Secretario General de gobierno y titular del Comit\u00e9 de Enlace de la administraci\u00f3n saliente, Gerardo Pe\u00f1a Flores asegur\u00f3 que van a actuar conforme a la ley. Ojala.<\/p>\n\n\n\n<p>En otro tema,&nbsp;Los diputados de Morena exhortaron, una vez m\u00e1s, al presidente de la Junta de Coordinaci\u00f3n Pol\u00edtica del Congreso del Estado, el panista F\u00e9lix Fernando Garc\u00eda Aguiar a dejarse de \u2018berrinches\u2019 y \u2018pataleo\u2019 y asumir su responsabilidad para reconocer la sentencia del Tribunal Electoral.<\/p>\n\n\n\n<p>Los diputados Marco Antonio Gallegos, Gabriela Regalado Fuentes, \u00darsula Salazar y Magaly De\u00e1ndar dieron a conocer que han solicitado una audiencia con la presidenta del Tribunal Electoral del Estado, Blanca Hern\u00e1ndez Rojas para buscar una soluci\u00f3n al caos provocado por el Presidente del Congreso Local, F\u00e9lix Garc\u00eda Aguiar y ponerla al tanto de la actitud de la rebeld\u00eda asumida por los legisladores panistas.<\/p>\n\n\n\n<p>\u201cNosotros hemos sido respetuosos de la ley inclusive cuando las decisiones no nos han favorecido, en el tema de la Comisiones no fuimos favorecidos, aun as\u00ed hemos estado trabajando y acatando la decisi\u00f3n del Tribunal\u201d, expres\u00f3 el diputado Marco Gallegos quien lament\u00f3 que los panistas llevar\u00e1n a cabo una sesi\u00f3n de la Diputaci\u00f3n Permanente, ayer por la noche.<\/p>\n\n\n\n<p>Marco Antonio Gallegos anunci\u00f3 que a fin de no entorpecer m\u00e1s el trabajo legislativo, la Comisi\u00f3n Permanente ratificada por el Tribunal Electoral no sesionar\u00e1 por el momento.<br \/>\u201cNo queremos causar un caos, ya es bochornoso con esa decisi\u00f3n del PAN, no queremos entorpecer m\u00e1s el trabajo legislativo, por ahora la decisi\u00f3n es no sesionar\u201d, expres\u00f3.<\/p>\n\n\n\n<p>Por otra parte, el 22 de octubre de 2019, una cantidad indeterminada &nbsp;-ellos dijeron que eran 100, pero otros se\u00f1alaron que eran 15- de alcaldes panistas, acompa\u00f1ados de decenas de simpatizantes, protestaron afuera de palacio nacional, en demanda de apoyos del gobierno federal para el desarrollo de sus respectivas comunas.<\/p>\n\n\n\n<p>En videos y fotos, se vio al frente de los manifestantes a Enrique Vargas del Villar y Enrique Rivas Cu\u00e9llar, entonces alcaldes de Huixquilucan y Nuevo Laredo, respectivamente.<\/p>\n\n\n\n<p>La protesta callejera&nbsp; no dio resultados y exhibi\u00f3 a los alcaldes como bravucones que persegu\u00edan un fin pol\u00edtico.<\/p>\n\n\n\n<p>Tres a\u00f1os despu\u00e9s de esa protesta, &nbsp;Enrique Vargas es aspirante del PAN a la candidatura por la gubernatura en el Estado de M\u00e9xico, la que ya se est\u00e1 tambaleando porque el peri\u00f3dico Reforma public\u00f3 informaci\u00f3n sobre la escandalosa fortuna del mexiquense.<\/p>\n\n\n\n<p>Y es que el hombre que ped\u00eda mayor presupuesto federal para Huixquilucan tiene un departamento de 70 millones de pesos en Miami y compro y vendi\u00f3 un rancho a 12 millones de pesos. Pero adem\u00e1s, el terreno donde&nbsp; est\u00e1 el rancho lo compr\u00f3 en 2017 a una se\u00f1ora que&nbsp; falleci\u00f3 en 1981.<\/p>\n\n\n\n<p>Todo un bandido result\u00f3 este se\u00f1or Vargas del Villar y no entendemos porque al PAN le fascinan los bandidos \u2013ah\u00ed est\u00e1n Ricardo Anaya y Francisco Garc\u00eda Cabeza- y en cambio minimizan a gente decente como Mauricio Vila, el mejor gobernador de todo el pa\u00eds.<\/p>\n\n\n\n<p>Y con esta clase de bandidos, luego el PAN no entiende porque pierden en las urnas. La gente se canso de tanto transa y por eso los castigan en las urnas.<\/p>\n","protected":false},"excerpt":{"rendered":"<p>-Hay que ver c\u00f3mo act\u00faa Cabeza en este mes que le queda -Morena exige al PAN acatar fallo del TRIETALM -Enrique Vargas del Villar, bandido grande Tiempo de opinar Ra\u00fal &hellip; <a href=\"http:\/\/revistalaneta.com.mx\/?p=531\" class=\"more-link\">Leer m\u00e1s<\/a><\/p>\n","protected":false},"author":1,"featured_media":0,"comment_status":"open","ping_status":"open","sticky":false,"template":"","format":"standard","meta":{"footnotes":""},"categories":[2,3],"tags":[],"class_list":["post-531","post","type-post","status-publish","format-standard","hentry","category-chismorreo","category-opinion","entry"],"_links":{"self":[{"href":"http:\/\/revistalaneta.com.mx\/index.php?rest_route=\/wp\/v2\/posts\/531","targetHints":{"allow":["GET"]}}],"collection":[{"href":"http:\/\/revistalaneta.com.mx\/index.php?rest_route=\/wp\/v2\/posts"}],"about":[{"href":"http:\/\/revistalaneta.com.mx\/index.php?rest_route=\/wp\/v2\/types\/post"}],"author":[{"embeddable":true,"href":"http:\/\/revistalaneta.com.mx\/index.php?rest_route=\/wp\/v2\/users\/1"}],"replies":[{"embeddable":true,"href":"http:\/\/revistalaneta.com.mx\/index.php?rest_route=%2Fwp%2Fv2%2Fcomments&post=531"}],"version-history":[{"count":1,"href":"http:\/\/revistalaneta.com.mx\/index.php?rest_route=\/wp\/v2\/posts\/531\/revisions"}],"predecessor-version":[{"id":532,"href":"http:\/\/revistalaneta.com.mx\/index.php?rest_route=\/wp\/v2\/posts\/531\/revisions\/532"}],"wp:attachment":[{"href":"http:\/\/revistalaneta.com.mx\/index.php?rest_route=%2Fwp%2Fv2%2Fmedia&parent=531"}],"wp:term":[{"taxonomy":"category","embeddable":true,"href":"http:\/\/revistalaneta.com.mx\/index.php?rest_route=%2Fwp%2Fv2%2Fcategories&post=531"},{"taxonomy":"post_tag","embeddable":true,"href":"http:\/\/revistalaneta.com.mx\/index.php?rest_route=%2Fwp%2Fv2%2Ftags&post=531"}],"curies":[{"name":"wp","href":"https:\/\/api.w.org\/{rel}","templated":true}]}}