{"id":534,"date":"2022-09-02T03:37:03","date_gmt":"2022-09-02T03:37:03","guid":{"rendered":"http:\/\/revistalaneta.com.mx\/?p=534"},"modified":"2022-09-02T03:37:31","modified_gmt":"2022-09-02T03:37:31","slug":"inicia-proceso-de-transicion-de-poderes","status":"publish","type":"post","link":"http:\/\/revistalaneta.com.mx\/?p=534","title":{"rendered":"INICIA PROCESO DE TRANSICI\u00d3N DE PODERES"},"content":{"rendered":"\n<p>En el arranque de las tareas para la transici\u00f3n de poderes, entre el gobierno entrante y el gobierno actual, el doctor Jes\u00fas Lav\u00edn Verastegui, coordinador del Comit\u00e9 de Transici\u00f3n por parte del gobernador electo Am\u00e9rico Villarreal Anaya, asegur\u00f3 estar en la mejor disposici\u00f3n de llevar a cabo dicho proceso con apego a la legalidad, cordialidad y en total transparencia, pues tales son las indicaciones que le ha dado el doctor Am\u00e9rico Villarreal Anaya. El mencionado hizo hincapi\u00e9 en lo anterior al sostener el primer encuentro al mediod\u00eda de este jueves en las instalaciones del CRETAM con su contraparte, en este caso el Secretario General de Gobierno, Gerardo Pe\u00f1a Flores, quien por su parte dijo que tambi\u00e9n se atender\u00e1n con cordialidad las tareas. En ese mismo acto el doctor Lav\u00edn dio a conocer finalmente los nombres de los dem\u00e1s integrantes del comit\u00e9 de enlace, siendo estos Vicente Hern\u00e1ndez Navarro, Norma Ang\u00e9lica Pedraza Melo, Luc\u00eda Aim\u00e9 Castillo Pastor, Francisco Cruz Vela, Ver\u00f3nica Adriana Aguirre de los Santos, D\u00e1maso Leonardo Anaya Alvarado, Ra\u00fal Hern\u00e1ndez Chavarr\u00eda, Luis Gerardo Illoldi Reyes y H\u00e9ctor Iv\u00e1n Reyes Herrera. Todo lo relacionado a la transici\u00f3n de poderes se realizar\u00e1 durante todo el presente mes de septiembre, para estar todo listo para que el 1 de octubre Am\u00e9rico Villarreal Anaya asuma la gubernatura del estado.<\/p>\n\n\n\n<p>BRONCAS Y M\u00c1S BRONCAS EN EL CONGRESO DEL ESTADO<br \/>Siguen las broncas al interior del Congreso del Estado entre las fracciones de MORENA y el PAN, donde los diputados del partido guinda acusan a los del blanquiazul de no respetar la sentencia del Tribunal Electoral de Tamaulipas (TRIELTAM) referente a integrar una nueva Comisi\u00f3n Permanente, que deber\u00e1 estar integrada solo por tres diputados, entre ellos los morenistas Gabriela Regalado Fuentes y Marco Antonio Gallegos Galv\u00e1n, y un panista, que en este caso vendr\u00eda siendo Carlos Fern\u00e1ndez Altamirano, en sustituci\u00f3n de Imelda Sanmiguel S\u00e1nchez, quien pidi\u00f3 licencia para separarse de su cargo para atender asuntos relacionados con su partido. Exigieron al presidente de la Junta de Coordinaci\u00f3n Pol\u00edtica del Congreso del Estado, el panista F\u00e9lix Fernando Garc\u00eda Aguiar, a dejarse de \u201cberrinches\u201d y \u201cpataleo\u201d y asumir su responsabilidad para reconocer la sentencia del Tribunal Electoral, pues dicen que insiste en mantener la anterior Comisi\u00f3n Permanente, pese a la orden de disoluci\u00f3n de la misma.<\/p>\n\n\n\n<p>DEFICIENTE SERVICIO DE TRANSPORTE<br \/>Uno de los principales problemas por lo que los empresarios est\u00e1n batallando para encontrar personal es el transporte, pues la mayor\u00eda de los trabajadores se quejan de que se les dificulta mucho conseguir transporte efectivo para llegar a sus trabajos, y m\u00e1s despu\u00e9s regresar a sus casas. Y s\u00ed, efectivamente as\u00ed es, pues ya sabemos que el servicio de camiones urbanos es por dem\u00e1s deficiente, que pasan cuando quieren, y cuando pasan no levantan pasaje, lo que hace que la gente llegue tarde a sus centros de labores, y lo que es peor, cuando salen tambi\u00e9n batallan para el regreso, sobre todo aquellos que tienen horario de salida despu\u00e9s de las 10 de la noche, en que los camiones ya no est\u00e1n en servicio. Y tomar taxi o Didi\u00b4s, les sale muy caro. Por eso muchas empresas ya tienen su servicio de transporte, y otras tantas viendo como implementarlo, y todo porque el servicio en Nuevo Laredo es por dem\u00e1s p\u00e9simo e ineficiente, y en el actual gobierno estatal nunca se hizo nada por mejorarlo.<\/p>\n\n\n\n<p>POR REABRIR LA CALLE VICTORIA EN LA COLONIA HIDALGO<br \/>Se espera que a m\u00e1s tardar en dos semanas sea reabierta la calle Victoria, en su tramo de Donaciano Echavarr\u00eda a G\u00f3mez Far\u00edas, en la colonia Hidalgo, y donde desde hace dos meses se trabaja en la reparaci\u00f3n del colector sanitario que est\u00e1 en el subsuelo, y que tantos problemas ha ocasionado. Aparentemente las obras ya culminaron, y se hicieron debidamente, por lo que se espera ya no se generen m\u00e1s hundimientos, y con ello se pueda reabrir la calle, pues de momento ya se est\u00e1 en el proceso de repavimentaci\u00f3n. Y vaya que hace falta dicho camino, pues es la principal ruta del sector centro hacia el norponiente de la ciudad.<\/p>\n\n\n\n<p>CERRAR\u00c1N TRAMO DE LA AVENIDA LEANDRO VALLE<br \/>Por cierto que este jueves se empez\u00f3 a abrir la avenida Leandro Valle entre Francisco I. Madero y H\u00e9roe de Nacataz, en el fraccionamiento Ojo Caliente, debido a trabajos de reparaci\u00f3n del subcolector, el cual presenta ya grave deterioro y hay el enorme riesgo de que se presenten enormes hundimientos en la zona, y para evitar se va a trabajar de una vez en dicho proyecto. Dicho tramo va a estar cerrado por espacio de 60 d\u00edas, y la verdad que no va afectar mucho, ya quienes transitan de norte a sur por la Leandro Valle, simple y sencillamente solo tienen que bajar a la Jes\u00fas Carranza, para seguir su camino.<\/p>\n\n\n\n<p>ENTREGAN BECAS EN LA UAT<br \/>Fueron 66 las becas que entreg\u00f3 el Patronato de Ex Alumnos de la UAT de Nuevo Laredo a igual n\u00famero de estudiantes de nuevo ingreso a la Facultad de Comercio, Administraci\u00f3n y Ciencias Sociales (FCACS) de la Universidad Aut\u00f3noma de Tamaulipas, esto este jueves en una ceremonia celebrada en las mismas instalaciones del plantel, y donde estuvo presente el director de la instituci\u00f3n, Ren\u00e9 Salinas Salinas. De esta manera los ex alumnos de la UAT que integran dicho patronato, contribuyen con su alma mater para que sigan emergiendo profesionistas de la misma.<\/p>\n\n\n\n<p>LO \u00daLTIMO<br \/>Muy emotiva result\u00f3 la despedida que le dieron los miembros del Cabildo y funcionarios municipales al regidor Jorge Valdez Vargas, tanto en sus servicios funerarios, como en su sepelio. Ya descansa en paz\u2026 Todo est\u00e1 listo para que este s\u00e1bado se lleve a cabo el Primer Informe de Gobierno de la Presidente Municipal de Nuevo Laredo, Carmen Lilia Canturosas Villarreal, lo cual ser\u00e1 en el Centro Cultural de Nuevo Laredo. Y claro que va haber mucho que informar, pues es mucho lo que se ha hecho\u2026 Con la llegada de septiembre lleg\u00f3 tambi\u00e9n el esp\u00edritu patrio en la ciudad, que ya se ve adornada en diferentes partes con figuras conmemorativas al aniversario de la Independencia de M\u00e9xico. De hecho en la Presidencia Municipal se colocaron muy bonitos arreglos\u2026 Fito Del Valle se perfila como pr\u00f3ximo presidente del Club Campestre de Nuevo Laredo. Hasta el momento Hugo Muzar Garza ha hecho una excelente labor en dicho centro recreativo.<\/p>\n","protected":false},"excerpt":{"rendered":"<p>En el arranque de las tareas para la transici\u00f3n de poderes, entre el gobierno entrante y el gobierno actual, el doctor Jes\u00fas Lav\u00edn Verastegui, coordinador del Comit\u00e9 de Transici\u00f3n por &hellip; <a href=\"http:\/\/revistalaneta.com.mx\/?p=534\" class=\"more-link\">Leer m\u00e1s<\/a><\/p>\n","protected":false},"author":1,"featured_media":0,"comment_status":"open","ping_status":"open","sticky":false,"template":"","format":"standard","meta":{"footnotes":""},"categories":[2,3],"tags":[],"class_list":["post-534","post","type-post","status-publish","format-standard","hentry","category-chismorreo","category-opinion","entry"],"_links":{"self":[{"href":"http:\/\/revistalaneta.com.mx\/index.php?rest_route=\/wp\/v2\/posts\/534","targetHints":{"allow":["GET"]}}],"collection":[{"href":"http:\/\/revistalaneta.com.mx\/index.php?rest_route=\/wp\/v2\/posts"}],"about":[{"href":"http:\/\/revistalaneta.com.mx\/index.php?rest_route=\/wp\/v2\/types\/post"}],"author":[{"embeddable":true,"href":"http:\/\/revistalaneta.com.mx\/index.php?rest_route=\/wp\/v2\/users\/1"}],"replies":[{"embeddable":true,"href":"http:\/\/revistalaneta.com.mx\/index.php?rest_route=%2Fwp%2Fv2%2Fcomments&post=534"}],"version-history":[{"count":1,"href":"http:\/\/revistalaneta.com.mx\/index.php?rest_route=\/wp\/v2\/posts\/534\/revisions"}],"predecessor-version":[{"id":535,"href":"http:\/\/revistalaneta.com.mx\/index.php?rest_route=\/wp\/v2\/posts\/534\/revisions\/535"}],"wp:attachment":[{"href":"http:\/\/revistalaneta.com.mx\/index.php?rest_route=%2Fwp%2Fv2%2Fmedia&parent=534"}],"wp:term":[{"taxonomy":"category","embeddable":true,"href":"http:\/\/revistalaneta.com.mx\/index.php?rest_route=%2Fwp%2Fv2%2Fcategories&post=534"},{"taxonomy":"post_tag","embeddable":true,"href":"http:\/\/revistalaneta.com.mx\/index.php?rest_route=%2Fwp%2Fv2%2Ftags&post=534"}],"curies":[{"name":"wp","href":"https:\/\/api.w.org\/{rel}","templated":true}]}}