{"id":537,"date":"2022-09-02T16:20:16","date_gmt":"2022-09-02T16:20:16","guid":{"rendered":"http:\/\/revistalaneta.com.mx\/?p=537"},"modified":"2022-09-02T16:20:48","modified_gmt":"2022-09-02T16:20:48","slug":"refrendan-telmex-y-telcel-seguir-invirtiendo-en-mexico","status":"publish","type":"post","link":"http:\/\/revistalaneta.com.mx\/?p=537","title":{"rendered":"Refrendan Telmex y Telcel seguir invirtiendo en M\u00e9xico"},"content":{"rendered":"\n<p><\/p>\n\n\n\n<p>Juan Rodr\u00edguez Contreras<br \/>Ciudad de M\u00e9xico.- En el marco de la inauguraci\u00f3n del evento M\u00e9xico Siglo XXI \u201cBrillemos por M\u00e9xico\u201d, el presidente del Consejo de Administraci\u00f3n de Am\u00e9rica M\u00f3vil, Carlos Slim Domit, refrend\u00f3 el compromiso para a trav\u00e9s de las empresas Telmex y Telcel, seguir invirtiendo intensamente para competir, crear y sobre todo seguir creyendo en M\u00e9xico, como siempre lo han hecho.<br \/>En su mensaje al inicio del referido evento, celebrado en el auditorio nacional, y ante la presencia de alrededor de 10 mil becarios de la Fundaci\u00f3n Telmex-Telcel, el tambi\u00e9n presidente del Consejo de Administraci\u00f3n de Grupo Carso, asegur\u00f3 que la empresa trabaja de manera constante para llevar conectividad a la m\u00e1xima velocidad y en las mejores condiciones a todas las personas, en todos los lugares.<br \/>\u201cCon plataformas tecnol\u00f3gicas de \u00faltima generaci\u00f3n y con el mejor equipo de trabajo para que M\u00e9xico cuente siempre con la mejor y m\u00e1s actualizada infraestructura de conectividad\u201d, dijo.<br \/>Abund\u00f3 que prueba de ello es que Am\u00e9rica M\u00f3vil ha desplegado la red de fibra \u00f3ptica m\u00e1s grande hasta las casas y negocios de sus clientes, y que en conectividad m\u00f3vil Telcel implement\u00f3 el mayor despliegue de 5G en Am\u00e9rica Latina.<br \/>\u201cCon estas tecnolog\u00edas nos conectamos 20 veces m\u00e1s r\u00e1pido y permitir\u00e1n la evoluci\u00f3n de soluciones integradas y de inclusi\u00f3n, como por ejemplo, el desarrollo de casas, autos y ciudades inteligentes, el poder monitorear tendencias en nuestra salud para prevenir enfermedades, soluciones agr\u00edcolas para monitorear cultivos en tiempo real mejorando el rendimiento del campo, nuevas aplicaciones de realidad virtual en salud que permitir\u00e1n realizar cirug\u00edas o consultas en zonas remotas y nuevas aplicaciones para educaci\u00f3n a distancia entre muchos beneficios sociales que en el tiempo iremos viviendo\u201d, destac\u00f3.<br \/>Hizo hincapi\u00e9 en el reinici\u00f3 del evento en su forma presencial, luego de que en el 2020 quedara suspendido por la pandemia del Covid-19 y en el 2021 se realiz\u00f3 de manera virtual, y en este tenor destac\u00f3 que la pandemia no solo impact\u00f3 en nuestra salud f\u00edsica sino tambi\u00e9n la emocional, \u201cpero este desaf\u00edo global, sac\u00f3 lo mejor que tenemos como sociedad, principalmente la respuesta heroica de las comunidades m\u00e9dicas que dieron todo por nosotros sacrificando en muchos casos, hasta la vida\u201d.<br \/>Asimismo hizo notar que desde el inicio de la pandemia la Fundaci\u00f3n Carlos Slim estuvo muy activa realizando m\u00faltiples acciones para apoyar a las personas, al personal m\u00e9dico y al sistema de salud para hacerle frente. Adquiriendo y entregando equipamiento e insumos, as\u00ed como 1 mill\u00f3n 956 mil comidas que fueron entregadas por Sanborns en hospitales p\u00fablicos y centros de vacunaci\u00f3n.<br \/>\u201cSe construy\u00f3 con CIE la Unidad Temporal COVID con el apoyo del Gobierno de la Ciudad de M\u00e9xico, El Instituto Nacional de Ciencias M\u00e9dicas y Nutrici\u00f3n Salvador Zubir\u00e1n, la Escuela de Medicina de la Universidad Nacional Aut\u00f3noma de M\u00e9xico, Fundaciones y empresas\u201d, cit\u00f3.<br \/>Slim Domit tambi\u00e9n se refiri\u00f3 a la labor de Fundaci\u00f3n Carlos Slim en materia de acceso a la inclusi\u00f3n digital la aplicaci\u00f3n \u201cAPRENDE\u201d gratuita tanto en sus contenidos como en su conexi\u00f3n, con programas de Educaci\u00f3n, desde b\u00e1sica hasta maestr\u00edas y doctorados; de Salud y de Capacitaci\u00f3n para el empleo en donde los involucrados pueden capacitarse en m\u00e1s de 400 oficios diversos, y que 37 millones de personas de todos los pa\u00edses de habla hispana est\u00e1n utiliz\u00e1ndola para adquirir nuevas habilidades, actualizar sus conocimientos y ampliar sus oportunidades laborales.<br \/>Finalmente en su mensaje a los becarios les hizo saber que, \u201ctienen la responsabilidad de ser los l\u00edderes de las siguientes generaciones, quienes, como profesionales, pero especialmente como personas, hagan la diferencia de construir y demostrar lo que podemos\u2026. perd\u00f3n, lo que debemos ser\u201d.<\/p>\n","protected":false},"excerpt":{"rendered":"<p>Juan Rodr\u00edguez ContrerasCiudad de M\u00e9xico.- En el marco de la inauguraci\u00f3n del evento M\u00e9xico Siglo XXI \u201cBrillemos por M\u00e9xico\u201d, el presidente del Consejo de Administraci\u00f3n de Am\u00e9rica M\u00f3vil, Carlos Slim &hellip; <a href=\"http:\/\/revistalaneta.com.mx\/?p=537\" class=\"more-link\">Leer m\u00e1s<\/a><\/p>\n","protected":false},"author":1,"featured_media":536,"comment_status":"open","ping_status":"open","sticky":false,"template":"","format":"standard","meta":{"footnotes":""},"categories":[6],"tags":[],"class_list":["post-537","post","type-post","status-publish","format-standard","has-post-thumbnail","hentry","category-destacado","entry"],"_links":{"self":[{"href":"http:\/\/revistalaneta.com.mx\/index.php?rest_route=\/wp\/v2\/posts\/537","targetHints":{"allow":["GET"]}}],"collection":[{"href":"http:\/\/revistalaneta.com.mx\/index.php?rest_route=\/wp\/v2\/posts"}],"about":[{"href":"http:\/\/revistalaneta.com.mx\/index.php?rest_route=\/wp\/v2\/types\/post"}],"author":[{"embeddable":true,"href":"http:\/\/revistalaneta.com.mx\/index.php?rest_route=\/wp\/v2\/users\/1"}],"replies":[{"embeddable":true,"href":"http:\/\/revistalaneta.com.mx\/index.php?rest_route=%2Fwp%2Fv2%2Fcomments&post=537"}],"version-history":[{"count":1,"href":"http:\/\/revistalaneta.com.mx\/index.php?rest_route=\/wp\/v2\/posts\/537\/revisions"}],"predecessor-version":[{"id":538,"href":"http:\/\/revistalaneta.com.mx\/index.php?rest_route=\/wp\/v2\/posts\/537\/revisions\/538"}],"wp:featuredmedia":[{"embeddable":true,"href":"http:\/\/revistalaneta.com.mx\/index.php?rest_route=\/wp\/v2\/media\/536"}],"wp:attachment":[{"href":"http:\/\/revistalaneta.com.mx\/index.php?rest_route=%2Fwp%2Fv2%2Fmedia&parent=537"}],"wp:term":[{"taxonomy":"category","embeddable":true,"href":"http:\/\/revistalaneta.com.mx\/index.php?rest_route=%2Fwp%2Fv2%2Fcategories&post=537"},{"taxonomy":"post_tag","embeddable":true,"href":"http:\/\/revistalaneta.com.mx\/index.php?rest_route=%2Fwp%2Fv2%2Ftags&post=537"}],"curies":[{"name":"wp","href":"https:\/\/api.w.org\/{rel}","templated":true}]}}