{"id":543,"date":"2022-09-02T19:32:57","date_gmt":"2022-09-02T19:32:57","guid":{"rendered":"http:\/\/revistalaneta.com.mx\/?p=543"},"modified":"2022-09-02T19:33:40","modified_gmt":"2022-09-02T19:33:40","slug":"semana-laboral-de-tres-dias-propone-carlos-slim-helu","status":"publish","type":"post","link":"http:\/\/revistalaneta.com.mx\/?p=543","title":{"rendered":"Semana laboral de tres d\u00edas propone Carlos Slim Hel\u00fa"},"content":{"rendered":"\n<p><\/p>\n\n\n\n<p>Juan Rodr\u00edguez Contreras<br \/>Ciudad de M\u00e9xico.- Que la gente trabaje solo tres d\u00edas a la semana, con jornadas de 12 horas por d\u00eda, es la propuesta del ingeniero Carlos Slim Hel\u00fa, para mejorar la productividad y la calidad de vida de la clase trabajadora.<br \/>Tal propuesta la planteo el presidente vitalicio del Consejo Administrativo del Grupo Carso y Am\u00e9rica M\u00f3vil, durante el evento M\u00e9xico Siglo XXI \u201cBrillemos por M\u00e9xico\u201d, celebrado en el Auditorio Nacional, y teniendo como espectadores a cerca de 10 mil becarios de la Fundaci\u00f3n Telmex-Telcel, creada por \u00e9l mismo.<br \/>Empero, la propuesta incluye que la edad para el retiro sea de 75 a\u00f1os, en lugar de los 60 y 65 que se aplican actualmente, pues dijo que hoy en d\u00eda las personas de hasta 75 a\u00f1os siguen en condici\u00f3n laboral, y aparte la extensi\u00f3n del plazo permitir\u00e1 que los gobiernos no quiebren con sus sistemas de pensiones.<br \/>El ingeniero Slim Hel\u00fa hizo notar que ya hay algunos pa\u00edses que est\u00e1n bajando la jornada laboral de cinco a cuatro d\u00edas, pero \u00e9l considera que tres d\u00edas son mucho mejor, pues permite a los trabajadores descansar m\u00e1s y con ello atender a la familia, y aparte se generar\u00e1n m\u00e1s empleos, que obviamente tendr\u00e1n que ser m\u00e1s remunerados.<br \/>\u201cTengo muchos a\u00f1os planteando que, conforme se desarrolla esta nueva civilizaci\u00f3n y sube la productividad a niveles muy altos, muchas veces los j\u00f3venes no encuentran empleos, por lo que creo deber\u00e1 empezarse adoptar que trabaje la gente tres d\u00edas, 11 o 12 horas diarias, eso ser\u00eda 33 o 36 horas a la semana, pero que se jubilen a los 75 a\u00f1os. La idea que se jubile la gente a los 60 o 65 a\u00f1os es absurda, porque siendo una sociedad de servicios, donde el trabajo f\u00edsico disminuye, el retirarse joven es un error, entonces si se retiraran a los 75 y trabajaran tres d\u00edas, ser\u00eda muy importante\u201d, dijo al respecto.<\/p>\n","protected":false},"excerpt":{"rendered":"<p>Juan Rodr\u00edguez ContrerasCiudad de M\u00e9xico.- Que la gente trabaje solo tres d\u00edas a la semana, con jornadas de 12 horas por d\u00eda, es la propuesta del ingeniero Carlos Slim Hel\u00fa, &hellip; <a href=\"http:\/\/revistalaneta.com.mx\/?p=543\" class=\"more-link\">Leer m\u00e1s<\/a><\/p>\n","protected":false},"author":1,"featured_media":542,"comment_status":"open","ping_status":"open","sticky":false,"template":"","format":"standard","meta":{"footnotes":""},"categories":[4],"tags":[],"class_list":["post-543","post","type-post","status-publish","format-standard","has-post-thumbnail","hentry","category-nuevo-laredo","entry"],"_links":{"self":[{"href":"http:\/\/revistalaneta.com.mx\/index.php?rest_route=\/wp\/v2\/posts\/543","targetHints":{"allow":["GET"]}}],"collection":[{"href":"http:\/\/revistalaneta.com.mx\/index.php?rest_route=\/wp\/v2\/posts"}],"about":[{"href":"http:\/\/revistalaneta.com.mx\/index.php?rest_route=\/wp\/v2\/types\/post"}],"author":[{"embeddable":true,"href":"http:\/\/revistalaneta.com.mx\/index.php?rest_route=\/wp\/v2\/users\/1"}],"replies":[{"embeddable":true,"href":"http:\/\/revistalaneta.com.mx\/index.php?rest_route=%2Fwp%2Fv2%2Fcomments&post=543"}],"version-history":[{"count":1,"href":"http:\/\/revistalaneta.com.mx\/index.php?rest_route=\/wp\/v2\/posts\/543\/revisions"}],"predecessor-version":[{"id":544,"href":"http:\/\/revistalaneta.com.mx\/index.php?rest_route=\/wp\/v2\/posts\/543\/revisions\/544"}],"wp:featuredmedia":[{"embeddable":true,"href":"http:\/\/revistalaneta.com.mx\/index.php?rest_route=\/wp\/v2\/media\/542"}],"wp:attachment":[{"href":"http:\/\/revistalaneta.com.mx\/index.php?rest_route=%2Fwp%2Fv2%2Fmedia&parent=543"}],"wp:term":[{"taxonomy":"category","embeddable":true,"href":"http:\/\/revistalaneta.com.mx\/index.php?rest_route=%2Fwp%2Fv2%2Fcategories&post=543"},{"taxonomy":"post_tag","embeddable":true,"href":"http:\/\/revistalaneta.com.mx\/index.php?rest_route=%2Fwp%2Fv2%2Ftags&post=543"}],"curies":[{"name":"wp","href":"https:\/\/api.w.org\/{rel}","templated":true}]}}