{"id":566,"date":"2022-09-05T00:23:55","date_gmt":"2022-09-05T00:23:55","guid":{"rendered":"http:\/\/revistalaneta.com.mx\/?p=566"},"modified":"2022-09-05T00:26:41","modified_gmt":"2022-09-05T00:26:41","slug":"presenta-uat-libro-historias-de-vida-durante-la-pandemia","status":"publish","type":"post","link":"http:\/\/revistalaneta.com.mx\/?p=566","title":{"rendered":"Presenta UAT libro Historias de vida durante la pandemia"},"content":{"rendered":"\n<p><br>El Rector Guillermo Mendoza asisti\u00f3 a la presentaci\u00f3n de la obra escrita por investigadores de la Facultad de Medicina de Tampico.<\/p>\n\n\n\n<p>Tampico, Tamps.- La Facultad de Medicina de Tampico Dr. Alberto Romo Caballero llev\u00f3 a cabo la presentaci\u00f3n del libro Historias de vida durante la pandemia: diagn\u00f3stico de la educaci\u00f3n en l\u00ednea por los actores, caso Universidad Aut\u00f3noma de Tamaulipas, obra escrita por investigadores de esta instituci\u00f3n acad\u00e9mica.<br>El evento celebrado en el auditorio Dr. Manuel Asomoza Arronte de este plantel universitario cont\u00f3 con la asistencia del C. P. Guillermo Mendoza Cavazos, Rector de la UAT, quien destac\u00f3 su reconocimiento a los autores del libro por plasmar en su edici\u00f3n las historias sobre c\u00f3mo la comunidad estudiantil y docente ha continuado con la formaci\u00f3n acad\u00e9mica durante la crisis sanitaria.<br>El Rector Guillermo Mendoza puso de relieve la eficiente implementaci\u00f3n de protocolos de educaci\u00f3n a distancia que ha realizado la Universidad ante los retos de la pandemia, y destac\u00f3 que, a trav\u00e9s de publicaciones como \u00e9sta, la comunidad educativa podr\u00e1 desarrollar respuestas basadas en la evidencia dirigidas a las necesidades inmediatas de los j\u00f3venes, as\u00ed como las medidas sustanciales y eficaces que permitan fortalecer la educaci\u00f3n.<br>Por su parte, el Dr. Ra\u00fal de Le\u00f3n Escobedo, Director de la Facultad de Medicina de Tampico, reconoci\u00f3 el trabajo de los autores y subray\u00f3 que la publicaci\u00f3n representa tambi\u00e9n un incentivo para fomentar la escritura en el \u00e1mbito de la medicina y el inicio de una serie de publicaciones que difundir\u00e1n el quehacer cient\u00edfico de la Facultad.<br>En su oportunidad, el Dr. Wilberto S\u00e1nchez M\u00e1rquez, coordinador de la edici\u00f3n y publicaci\u00f3n, adem\u00e1s de ser uno de los autores de la obra, agradeci\u00f3 el apoyo que la UAT le brind\u00f3 junto a sus colaboradores que integran el grupo disciplinar Educaci\u00f3n, salud y comunidad que intervino en la realizaci\u00f3n de este libro, el cual sit\u00faa al estudiante como centro del proceso educativo.<br>Detall\u00f3 que la publicaci\u00f3n describe una investigaci\u00f3n de corte cualitativo, la cual fue documentada mediante la realizaci\u00f3n de ochocientas encuestas a trav\u00e9s de un instrumento de aplicaci\u00f3n en l\u00ednea que permite hacer un diagn\u00f3stico de aspectos psicol\u00f3gicos, de salud, educaci\u00f3n, infraestructura y econ\u00f3mica de estudiantes universitarios.<br>Durante la presentaci\u00f3n editorial se cont\u00f3 con la presencia de la Dra. Marina Morales Doria, el Dr. Sim\u00f3n Carlos Prado Lobato y el Dr. Mario Zambrano Gonz\u00e1lez, quienes fungieron como comentaristas de la publicaci\u00f3n gracias a su amplia experiencia en doctrina y literatura m\u00e9dica.<br>Los comentaristas resaltaron la posibilidad que brinda esta publicaci\u00f3n a los profesores de entender c\u00f3mo fue el sentir pospandemia de los estudiantes, dimensionar la transici\u00f3n educativa, reconocer las \u00e1reas de oportunidad y dise\u00f1ar instrumentos que permitan utilizar las herramientas a su alcance en la mejora del desarrollo educativo.<br>Por \u00faltimo, se destac\u00f3 la calidad de sus autores: Wilberto S\u00e1nchez M\u00e1rquez, Gabriela Clemente Mart\u00ednez, Rosalino Amador Alonso, Leticia Caloca Carrasco, Jorge P\u00e9rez Ram\u00edrez, Brian Gonz\u00e1lez P\u00e9rez, Ricardo Salas Flores, Ver\u00f3nica Olvera Mendoza y Sergio Reyes Cruz.<\/p>\n","protected":false},"excerpt":{"rendered":"<p>El Rector Guillermo Mendoza asisti\u00f3 a la presentaci\u00f3n de la obra escrita por investigadores de la Facultad de Medicina de Tampico. Tampico, Tamps.- La Facultad de Medicina de Tampico Dr. &hellip; <a href=\"http:\/\/revistalaneta.com.mx\/?p=566\" class=\"more-link\">Leer m\u00e1s<\/a><\/p>\n","protected":false},"author":1,"featured_media":565,"comment_status":"open","ping_status":"open","sticky":false,"template":"","format":"standard","meta":{"footnotes":""},"categories":[8],"tags":[],"class_list":["post-566","post","type-post","status-publish","format-standard","has-post-thumbnail","hentry","category-tamaulipas-sur","entry"],"_links":{"self":[{"href":"http:\/\/revistalaneta.com.mx\/index.php?rest_route=\/wp\/v2\/posts\/566","targetHints":{"allow":["GET"]}}],"collection":[{"href":"http:\/\/revistalaneta.com.mx\/index.php?rest_route=\/wp\/v2\/posts"}],"about":[{"href":"http:\/\/revistalaneta.com.mx\/index.php?rest_route=\/wp\/v2\/types\/post"}],"author":[{"embeddable":true,"href":"http:\/\/revistalaneta.com.mx\/index.php?rest_route=\/wp\/v2\/users\/1"}],"replies":[{"embeddable":true,"href":"http:\/\/revistalaneta.com.mx\/index.php?rest_route=%2Fwp%2Fv2%2Fcomments&post=566"}],"version-history":[{"count":1,"href":"http:\/\/revistalaneta.com.mx\/index.php?rest_route=\/wp\/v2\/posts\/566\/revisions"}],"predecessor-version":[{"id":567,"href":"http:\/\/revistalaneta.com.mx\/index.php?rest_route=\/wp\/v2\/posts\/566\/revisions\/567"}],"wp:featuredmedia":[{"embeddable":true,"href":"http:\/\/revistalaneta.com.mx\/index.php?rest_route=\/wp\/v2\/media\/565"}],"wp:attachment":[{"href":"http:\/\/revistalaneta.com.mx\/index.php?rest_route=%2Fwp%2Fv2%2Fmedia&parent=566"}],"wp:term":[{"taxonomy":"category","embeddable":true,"href":"http:\/\/revistalaneta.com.mx\/index.php?rest_route=%2Fwp%2Fv2%2Fcategories&post=566"},{"taxonomy":"post_tag","embeddable":true,"href":"http:\/\/revistalaneta.com.mx\/index.php?rest_route=%2Fwp%2Fv2%2Ftags&post=566"}],"curies":[{"name":"wp","href":"https:\/\/api.w.org\/{rel}","templated":true}]}}