{"id":583,"date":"2022-09-06T03:25:43","date_gmt":"2022-09-06T03:25:43","guid":{"rendered":"http:\/\/revistalaneta.com.mx\/?p=583"},"modified":"2022-09-06T03:25:43","modified_gmt":"2022-09-06T03:25:43","slug":"direccion-de-arte-y-cultura-impulsa-la-economia-de-artistas-locales-con-la-iniciativa-privada","status":"publish","type":"post","link":"http:\/\/revistalaneta.com.mx\/?p=583","title":{"rendered":"Direcci\u00f3n de Arte y Cultura impulsa la econom\u00eda de artistas locales con la iniciativa privada"},"content":{"rendered":"\n<p><\/p>\n\n\n\n<p>Nuevo Laredo, Tamps.- La Direcci\u00f3n de Arte y Cultura (DAyC) de Nuevo Laredo y la inmobiliaria &#8220;FP Bienes Ra\u00edces y Soluciones&#8221; unificaron esfuerzos para impulsar la econom\u00eda de la comunidad art\u00edstica local.<\/p>\n\n\n\n<p>&#8220;Este v\u00ednculo permitir\u00e1 que los artistas pl\u00e1sticos, espec\u00edficamente, puedan vender su obra a los clientes de las inmobiliarias interesados en decorar sus casas con pinturas de su elecci\u00f3n o por encargo&#8221;, dijo Marcos Rodr\u00edguez Leija.<\/p>\n\n\n\n<p>&#8220;Los artistas expondr\u00e1n sus obras ante las inmobiliarias y ante sus clientes potenciales para que adquieran aquellas que sean de su agrado al costo que cada artista establezca o les soliciten un trabajo con caracter\u00edsticas espec\u00edficas&#8221;, agreg\u00f3 el Director DAyC.<\/p>\n\n\n\n<p>Como pre\u00e1mbulo a esta acci\u00f3n conjunta, representantes de la Alianza Inmobiliaria y Banco Santander presentaron ante clientes exclusivos SELECT sus propuestas inmobiliarias y el trabajo art\u00edstico de los pintores Reyna Ch\u00e1vez, &#8220;Chacho&#8221; D\u00edaz y Arturo Nochebuena.<\/p>\n\n\n\n<p>La actividad se llev\u00f3 a cabo en el auditorio de &#8220;Estaci\u00f3n Palabra &#8216;Gabriel Garc\u00eda M\u00e1rquez'&#8221;, en la cual estuvieron presentes el Director de DAyC, y los primeros tres artistas vinculados con la iniciativa privada.<\/p>\n\n\n\n<p>Tambi\u00e9n estuvieron Anah\u00ed Guzm\u00e1n Cosme y Alberto R\u00edos Junior, encargados de la organizaci\u00f3n del evento y del \u00e1rea de ventas de la empresa local; as\u00ed como Alberto R\u00edos, encargado de la zona norte de FP.<\/p>\n","protected":false},"excerpt":{"rendered":"<p>Nuevo Laredo, Tamps.- La Direcci\u00f3n de Arte y Cultura (DAyC) de Nuevo Laredo y la inmobiliaria &#8220;FP Bienes Ra\u00edces y Soluciones&#8221; unificaron esfuerzos para impulsar la econom\u00eda de la comunidad &hellip; <a href=\"http:\/\/revistalaneta.com.mx\/?p=583\" class=\"more-link\">Leer m\u00e1s<\/a><\/p>\n","protected":false},"author":1,"featured_media":582,"comment_status":"open","ping_status":"open","sticky":false,"template":"","format":"standard","meta":{"footnotes":""},"categories":[4],"tags":[],"class_list":["post-583","post","type-post","status-publish","format-standard","has-post-thumbnail","hentry","category-nuevo-laredo","entry"],"_links":{"self":[{"href":"http:\/\/revistalaneta.com.mx\/index.php?rest_route=\/wp\/v2\/posts\/583","targetHints":{"allow":["GET"]}}],"collection":[{"href":"http:\/\/revistalaneta.com.mx\/index.php?rest_route=\/wp\/v2\/posts"}],"about":[{"href":"http:\/\/revistalaneta.com.mx\/index.php?rest_route=\/wp\/v2\/types\/post"}],"author":[{"embeddable":true,"href":"http:\/\/revistalaneta.com.mx\/index.php?rest_route=\/wp\/v2\/users\/1"}],"replies":[{"embeddable":true,"href":"http:\/\/revistalaneta.com.mx\/index.php?rest_route=%2Fwp%2Fv2%2Fcomments&post=583"}],"version-history":[{"count":1,"href":"http:\/\/revistalaneta.com.mx\/index.php?rest_route=\/wp\/v2\/posts\/583\/revisions"}],"predecessor-version":[{"id":584,"href":"http:\/\/revistalaneta.com.mx\/index.php?rest_route=\/wp\/v2\/posts\/583\/revisions\/584"}],"wp:featuredmedia":[{"embeddable":true,"href":"http:\/\/revistalaneta.com.mx\/index.php?rest_route=\/wp\/v2\/media\/582"}],"wp:attachment":[{"href":"http:\/\/revistalaneta.com.mx\/index.php?rest_route=%2Fwp%2Fv2%2Fmedia&parent=583"}],"wp:term":[{"taxonomy":"category","embeddable":true,"href":"http:\/\/revistalaneta.com.mx\/index.php?rest_route=%2Fwp%2Fv2%2Fcategories&post=583"},{"taxonomy":"post_tag","embeddable":true,"href":"http:\/\/revistalaneta.com.mx\/index.php?rest_route=%2Fwp%2Fv2%2Ftags&post=583"}],"curies":[{"name":"wp","href":"https:\/\/api.w.org\/{rel}","templated":true}]}}