{"id":586,"date":"2022-09-06T03:27:52","date_gmt":"2022-09-06T03:27:52","guid":{"rendered":"http:\/\/revistalaneta.com.mx\/?p=586"},"modified":"2022-09-06T03:28:16","modified_gmt":"2022-09-06T03:28:16","slug":"nuevo-laredo-vive-nueva-era-de-trabajo-y-bienestar-clcr","status":"publish","type":"post","link":"http:\/\/revistalaneta.com.mx\/?p=586","title":{"rendered":"NUEVO LAREDO VIVE NUEVA ERA DE TRABAJO Y BIENESTAR: CLCR"},"content":{"rendered":"\n<p>Con gran \u00e9xito la Presidenta Municipal de Nuevo Laredo brind\u00f3 su Primer Informe de Gobierno, esto el pasado s\u00e1bado al mediod\u00eda en el Centro Cultural de Nuevo Laredo, el cual luci\u00f3 lleno con la presencia de ciudadanos e invitados especiales. En su mensaje Carmen Lilia dej\u00f3 en claro que Nuevo Laredo vive una nueva era con obra p\u00fablica sin precedente, as\u00ed como con gran impulso al desarrollo econ\u00f3mico y bienestar para todas las familias de la ciudad. El principal tema abordado fue la inversi\u00f3n en este primer a\u00f1o de gobierno de mil 340 millones 519 mil 276 pesos en obra p\u00fablica, con especial atenci\u00f3n a los colectores pluviales y sanitarios, as\u00ed como pavimentaciones y repavimentaciones, en algo que claramente se ve por toda la ciudad.<\/p>\n\n\n\n<p>UN GOBIERNO DE RESULTADOS<br \/>Carmen Lilia Canturosas Villarreal asegur\u00f3 que su gobierno est\u00e1 dando resultados y prueba de ello es el aval que ha dado de la Encuesta Nacional de Seguridad P\u00fablica Urbana del&nbsp;Instituto Nacional de Estad\u00edstica y Geograf\u00eda (INEGI), que ha calificado a Nuevo Laredo como una de las mejores ciudades del pa\u00eds por resolver problem\u00e1ticas de la ciudad como alumbrado p\u00fablico, agua potable, drenaje, alcantarillado entre otras. De la misma forma destac\u00f3 que esta frontera fue la primera ciudad en el pa\u00eds en vacunar beb\u00e9s y menores contra el Covid-19,&nbsp;en las jornadas de vacunaci\u00f3n transfronteriza en las que se han aplicado m\u00e1s de 110 mil dosis, y que es algo que la ciudadan\u00eda reconoce, pues no cualquier gobierno hace tanto por la salud.<\/p>\n\n\n\n<p>AGRADECE A AMLO Y A AVA<br \/>Reconoci\u00f3 el respaldo del Presidente de M\u00e9xico, Andr\u00e9s Manuel L\u00f3pez Obrador, en la entrega de recursos federales para continuar con el intenso trabajo a la vez que expres\u00f3 su inter\u00e9s de trabajar de la mano del nuevo gobierno estatal que encabezar\u00e1 el doctor Am\u00e9rico Villarreal Anaya, augurando con ello un mejor futuro para Nuevo Laredo y Tamaulipas en general. Igualmente hizo notar la aplicaci\u00f3n de programas como Bolsa de Empleo, Empleo en tu Colonia y Ferias del Empleo, vinculando, que han permitido conseguir fuentes laborales a m\u00e1s de 6 mil 500 personas. A su vez dio detalle de que gracias al respaldo en materia econ\u00f3mica se ha logrado la instalaci\u00f3n en lo que va de su administraci\u00f3n de un promedio de tres negocios nuevos por semana. Ya para finalizar el evento Carmen Lilia Canturosas se comprometi\u00f3 a seguir con su ritmo de trabajo, por el bien de Nuevo Laredo. \u201c\u00a1Trabajaremos sin descanso y con m\u00e1s fuerza, escuch\u00e1ndolos, atendi\u00e9ndolos y apoy\u00e1ndolos, porque su bienestar y el de sus hijos, es para mi Gobierno lo m\u00e1s importante!\u201d, asever\u00f3.<\/p>\n\n\n\n<p>LO DESTACABLE DEL EVENTO<br \/>Y bueno sin duda el momento emotivo fue cuando se brind\u00f3 un minuto de silencio en memoria del regidor Jorge Valdez Vargas, recientemente fallecido, y en lo que la alcaldesa expres\u00f3, &#8220;era m\u00e1s que amigo, casi hermano, un ser humano excepcional, que siempre busc\u00f3 lo mejor para la Ciudad y para los m\u00e1s necesitados; nunca te olvidaremos y estar\u00e1 tu ejemplo de hombre cabal y de principios, siempre con nosotros\u201d. A la vez la alcaldesa tambi\u00e9n tuvo emotivas palabras para los integrantes de su familia, a quienes agradeci\u00f3 el apoyo que le brindan para seguir adelante. De la misma manera resalt\u00f3 en este evento la presencia de invitados especiales como Jes\u00fas Lav\u00edn Ver\u00e1stegui, quien vino en representaci\u00f3n&nbsp; del gobernador electo Am\u00e9rico Villarreal Anaya;&nbsp; as\u00ed como el alcalde de Laredo, Texas, Pete Saenz; el alcalde de Reynosa, Carlos V\u00edctor Pe\u00f1a Ortiz; el alcalde de Matamoros, Mario Alberto L\u00f3pez Hern\u00e1ndez; la diputada federal y ex dirigente nacional de MORENA, Yeidckol Polewnsky, entre otras, adem\u00e1s de representantes de la iniciativa privada de la localidad y ciudadanos de diversas colonias, que en todo momento estuvieron apoyando a Carmen Lilia Canturosas en su informe.<\/p>\n\n\n\n<p>LA DESIGNACI\u00d3N DEL NUEVO REGIDOR<br \/>En el transcurso de los pr\u00f3ximos d\u00edas debe haber Junta del Cabildo de Nuevo Laredo en la que deber\u00e1 tomarse protesta al profesor Francisco Javier Altamirano Carrasco como nuevo regidor, en sustituci\u00f3n del fallecido Jorge Valdez Vargas (+). A su vez deber\u00e1 designarse un nuevo Director de Educaci\u00f3n, en relevo del propio Altamirano, quien a\u00fan ocupa dicha posici\u00f3n. S\u00f3lo en caso de que Altamirano no quiera asumir la regidora entonces el Cabildo propondr\u00eda una terna al Congreso del Estado integrada por representantes de la sociedad civil, aunque al parecer todo apunta que s\u00ed, que Altamirano ocupar\u00e1 el cargo. Y aguas porque puede dar la sorpresa y ser un digno sucesor de Jorge Valdez, pues hay como lo ven seriecito y todo es una persona que se las sabe de todas-todas en el \u00e1mbito pol\u00edtico y le sabe a la \u201cgrilla\u201d, pues no en balde fue l\u00edder magisterial. As\u00ed que no hay que perderlo de vista.<\/p>\n\n\n\n<p>\u00bfY EL ASUNTO DE LA COORDINACI\u00d3N?<br \/>Y tocante a la designaci\u00f3n del nuevo coordinador de MORENA al interior del Cabildo, prevalece la posibilidad de que el cargo recaiga o en el s\u00edndico Jes\u00fas Jasso Montemayor, o la segunda s\u00edndico Imelda Mangin Torre, o el regidor Luis Cavazos C\u00e1rdenas. Aunque cabe mencionar que tambi\u00e9n existe la posibilidad de que ya no haya un coordinador dentro del mismo Cabildo, y pueda haber un externo, tal y como ocurri\u00f3 en la administraci\u00f3n municipal anterior, en que Jos\u00e9 Luis Morante L\u00f3pez, sin ser miembro del Cabildo, estaba a cargo del mismo por encomienda del entonces alcalde Enrique Rivas Cu\u00e9llar. \u00bfPudiera pasar lo mismo aprovechando la coyuntura de los \u00faltimos episodios? Ya veremos.<\/p>\n\n\n\n<p>LA REVANCHA DE LA VIDA<br \/>Hace muchos a\u00f1os alguien tuvo la ocurrencia de que a los ni\u00f1os no se les deb\u00eda pegar o rega\u00f1ar cuando se portaban mal, porque supuestamente \u201clos \u00edbamos a traumas de por vida\u201d. Y hoy en d\u00eda \u201cgracias\u201d a que hicimos caso a tal estupidez, tenemos una sociedad compuesta por tanto chamaco malcriado, que ahora nos tienen traumados a nosotros. De hecho muchos de aquellos chamacos ahora son mayores de edad, que est\u00e1n a su vez malcriando nuevas generaciones. Tan es as\u00ed que hoy en d\u00eda esos padres, que crecieron haciendo lo que les ven\u00eda en gana en sus casas porque sus padres no les recriminaban nada, ahora quieren hacer valer su ley ante la sociedad en general, no dejando que sus hijos cumplan con las normas establecidas en su entorno, como es el caso de no querer que en las escuelas les exijan a sus engendros ir debidamente uniformados, traer el cabello corto y sin pintar, sin aretes o tatuajes, y muchas otras cosas que un imberbe de educaci\u00f3n b\u00e1sica no debe hacer. As\u00ed pues nuevamente la vida nos pone a prueba, sobre si hacemos respetar las reglas por el bien com\u00fan, o si doblamos una vez las manos dejando que cada quien haga lo que quiera, y as\u00ed terminemos por hundirnos. \u00bfDe qu\u00e9 lado estamos?<\/p>\n\n\n\n<p>LO \u00daLTIMO<br \/>Graves, muy graves los se\u00f1alamientos de los diputados de MORENA en sentido de que el Gobierno del Estado, de extracci\u00f3n panista, se olvid\u00f3 de publicar en el Peri\u00f3dico Oficial del Estado la sentencia del Tribunal Electoral de Tamaulipas (TRIELTAM) referente a la disoluci\u00f3n de la Comisi\u00f3n Permanente del Congreso del Estado. Dicha rebeld\u00eda puede traer severas consecuencias\u2026 El dirigente estatal del Movimiento Ciudadano (MC), Juan Carlos Zertuche Romero, ratific\u00f3 que para el 2024 su partido ir\u00e1 solo en los comicios. Pues pobres, porque Tamaulipas no es Jalisco, ni Nuevo Le\u00f3n, y prueba de ello es la paup\u00e9rrima votaci\u00f3n que recibieron en los comicios de este a\u00f1o\u2026 Seg\u00fan una encuesta del INEGI, as personas en M\u00e9xico estamos m\u00e1s insatisfechas con la vida que hace un a\u00f1o. Y como no, ante tanta inseguridad es obvio que la gente no vive bien, ya que simplemente y sencillamente no se puede vivir bien.<\/p>\n","protected":false},"excerpt":{"rendered":"<p>Con gran \u00e9xito la Presidenta Municipal de Nuevo Laredo brind\u00f3 su Primer Informe de Gobierno, esto el pasado s\u00e1bado al mediod\u00eda en el Centro Cultural de Nuevo Laredo, el cual &hellip; <a href=\"http:\/\/revistalaneta.com.mx\/?p=586\" class=\"more-link\">Leer m\u00e1s<\/a><\/p>\n","protected":false},"author":1,"featured_media":0,"comment_status":"open","ping_status":"open","sticky":false,"template":"","format":"standard","meta":{"footnotes":""},"categories":[2,3],"tags":[],"class_list":["post-586","post","type-post","status-publish","format-standard","hentry","category-chismorreo","category-opinion","entry"],"_links":{"self":[{"href":"http:\/\/revistalaneta.com.mx\/index.php?rest_route=\/wp\/v2\/posts\/586","targetHints":{"allow":["GET"]}}],"collection":[{"href":"http:\/\/revistalaneta.com.mx\/index.php?rest_route=\/wp\/v2\/posts"}],"about":[{"href":"http:\/\/revistalaneta.com.mx\/index.php?rest_route=\/wp\/v2\/types\/post"}],"author":[{"embeddable":true,"href":"http:\/\/revistalaneta.com.mx\/index.php?rest_route=\/wp\/v2\/users\/1"}],"replies":[{"embeddable":true,"href":"http:\/\/revistalaneta.com.mx\/index.php?rest_route=%2Fwp%2Fv2%2Fcomments&post=586"}],"version-history":[{"count":1,"href":"http:\/\/revistalaneta.com.mx\/index.php?rest_route=\/wp\/v2\/posts\/586\/revisions"}],"predecessor-version":[{"id":587,"href":"http:\/\/revistalaneta.com.mx\/index.php?rest_route=\/wp\/v2\/posts\/586\/revisions\/587"}],"wp:attachment":[{"href":"http:\/\/revistalaneta.com.mx\/index.php?rest_route=%2Fwp%2Fv2%2Fmedia&parent=586"}],"wp:term":[{"taxonomy":"category","embeddable":true,"href":"http:\/\/revistalaneta.com.mx\/index.php?rest_route=%2Fwp%2Fv2%2Fcategories&post=586"},{"taxonomy":"post_tag","embeddable":true,"href":"http:\/\/revistalaneta.com.mx\/index.php?rest_route=%2Fwp%2Fv2%2Ftags&post=586"}],"curies":[{"name":"wp","href":"https:\/\/api.w.org\/{rel}","templated":true}]}}