{"id":592,"date":"2022-09-06T03:30:57","date_gmt":"2022-09-06T03:30:57","guid":{"rendered":"http:\/\/revistalaneta.com.mx\/?p=592"},"modified":"2022-09-06T03:31:48","modified_gmt":"2022-09-06T03:31:48","slug":"acusan-doble-discurso-del-gobierno-estatal","status":"publish","type":"post","link":"http:\/\/revistalaneta.com.mx\/?p=592","title":{"rendered":"ACUSAN DOBLE DISCURSO DEL GOBIERNO ESTATAL"},"content":{"rendered":"\n<p>El nuevo integrante de la Comisi\u00f3n de Transparencia del gobernador electo, Am\u00e9rico Villarreal Anaya, el alcalde con licencia de R\u00edo Bravo, H\u00e9ctor Joel Villegas Gonz\u00e1lez, mejor conocido como \u201cEl Calabozo\u201d, acus\u00f3 al gobierno de Francisco Garc\u00eda Cabeza de Vaca, de tener un doble discurso en las tareas de entrega recepci\u00f3n, ya que por un lado dicen que van a cooperar en los trabajos, y por otro lado ponen escollos e incurren en todo tipo de arbitrariedades, no permitiendo avanzar en tales tareas. El muy posiblemente pr\u00f3ximo Secretario General de Gobierno, acus\u00f3 que se ha encontrado hostilidad, desinter\u00e9s, falta de disposici\u00f3n, y un evidente desprecio hacia las instituciones y hacia al pueblo de Tamaulipas por parte del gobierno saliente, lo cual calific\u00f3 como una situaci\u00f3n vergonzosa y de hipocres\u00eda pol\u00edtica. El mencionado hizo tales afirmaciones en conferencia de prensa en la que acompa\u00f1\u00f3 al coordinador general de la Comisi\u00f3n de Transici\u00f3n, Jes\u00fas Lav\u00edn Verastegui, y en la que precisamente se le present\u00f3 como nuevo miembro de dicho equipo.<\/p>\n\n\n\n<p>SIGUEN DANDO PALO AL PAN EN PROTESTAS ELECTORALES<br \/>En esa misma conferencia de prensa la abogada Tania Gisela Contreras L\u00f3pez, quien es la asesora jur\u00eddica del gobernador electo, Am\u00e9rico Villarreal Anaya, dio a conocer que la Sala Superior del Tribunal Electoral del Poder Judicial de la Federaci\u00f3n resolvi\u00f3 3 de los 15 recursos interpuestos por el PAN y en los mismos se confirm\u00f3 que no hay elementos para considerar que se afect\u00f3 el resultado de la elecci\u00f3n para gobernador de Tamaulipas. Por lo tanto se espera que los otros 12 recursos tambi\u00e9n tengan el mismo fin, y con ello se descarte ya por completo la anulaci\u00f3n a la elecci\u00f3n exigida por el blanquiazul, y que no tiene raz\u00f3n de ser, pues el triunfo de Am\u00e9rico es inobjetable.<\/p>\n\n\n\n<p>INICIA PAGO DE PENSIONES<br \/>A partir de esta semana inicia el pago de las pensiones federales a los adultos mayores y personas con discapacidad, correspondiente al quinto bimestre del a\u00f1o, que abarca los meses de septiembre y octubre. De acuerdo con Gast\u00f3n Herrera Arredondo, coordinador de los programas federales en Nuevo Laredo, a partir de este martes ya podr\u00e1n cobrar quienes reciben su recurso a trav\u00e9s de tarjeta bancaria. De hecho desde este lunes se report\u00f3 que ya estaba el dep\u00f3sito en las tarjetas del Banco Bienestar, y se espera que hoy quede en el caso de quienes cobran con tarjetas de Banorte y Banamex. En el caso de quienes tienen tarjeta Banorte y no se les ha depositado su pago, seguir\u00e1n cobrando por orden de pago, debiendo presentarse para ello del 14 al 19 de septiembre en el Polyforum La Fe, a partir de las 10 de la ma\u00f1ana, y con el siguiente calendario de acuerdo a su primer apellido: Mi\u00e9rcoles 14 las letras A y B; martes 15 las letras C, D, E y F, viernes 17, las letras G, H, I, J y K, en tanto que el s\u00e1bado 17 son las letras L, M, N y O, y el domingo 19 las letras P, Q y R, para cerrar el lunes 19, con las letras S, T, U, V, X, Y y Z. Aqu\u00ed tambi\u00e9n entran los de pago con estampillas. En el caso del apoyo a ni\u00f1as y ni\u00f1os hijos de padres trabajadores que cobran por orden de pago, ser\u00e1 previo aviso por llamada.<\/p>\n\n\n\n<p>LOS HUECOS QUE DEJ\u00d3 JORGE VALDEZ<br \/>No cabe duda que el deceso de Jorge Valdez Vargas dej\u00f3 muchos huecos que llenar tanto en el \u00e1mbito p\u00fablico como pol\u00edtico, pues aparte de quedar ac\u00e9fala la regidur\u00eda que ocupaba, as\u00ed como la coordinaci\u00f3n de la bancada de MORENA en el Cabildo, tambi\u00e9n dej\u00f3 un vac\u00edo en la operaci\u00f3n pol\u00edtica del grupo de los Canturrocistas al interior de MORENA, y del contacto directo con los grupos ciudadanos. Pero adem\u00e1s tambi\u00e9n dej\u00f3 ac\u00e9fala la titularidad en el Frente Aut\u00e9ntico de Trabajadores (FAT), un organismo sindical de reciente incursi\u00f3n en la ciudad, y con el cual se buscaba competir contra los dem\u00e1s gremios sindicales, principalmente de la CTM. Y es obvio que se va a tener que buscar quien lo supla en tales posiciones.<\/p>\n\n\n\n<p>\u00bfINDOCTA O NESCIENTE?<br \/>Por cierto que la regidora Ariana Garza L\u00f3pez anda alborotada con hacerse cargo del Frente Aut\u00e9ntico de Trabajadores (FAT), situaci\u00f3n por dem\u00e1s an\u00f3mala, ya que sucede que esta se\u00f1ora no puede asumir ese cargo, ya que es directiva en una maquiladora, y por lo tanto no puede ser representante de la clase obrera, pues no se puede ser juez y parte. Lo que es no saber ni con cuantas tortillas se llena la barriga. Pero bueno como bien dice el dicho, \u201csuerte te d\u00e9 Dios, que el saber poco te importe\u201d.<\/p>\n\n\n\n<p>CAOS VIAL EN LA VENEZUELA, ANTES DE SUBIR EL PASO ELEVADO<br \/>Ante los intensos congestionamientos viales que se est\u00e1n registrando en la ciudad, tras el regreso a clases presenciales en todas las escuelas, se hace necesario crear nuevas alternativas viales para desfogar el tr\u00e1fico y as\u00ed evitar tales embotellamientos, sobre todo en zonas concurridas donde hay escuelas, y a la hora de entrada y salida de estas. Ejemplos hay muchos, pero en esta ocasi\u00f3n citar\u00e9 el de la calle Venezuela, en el caso de quienes circulan de poniente a oriente, y que antes de subir el paso elevado sobre los rieles, se genera caos, porque hay quienes pasan a llevar o recoger a sus hijos a la escuela \u201cDonaciano Echavarr\u00eda\u201d o al jard\u00edn de ni\u00f1os \u201cNicol\u00e1s C\u00e1rdenas\u201d, y para ello hacen fila en el carril lado izquierdo de la Venezuela, para poder dar vuelta a la Amado Nervo, dejando solo un carril libre, y causando el congestionamiento, sobre todo porque la Venezuela es la \u00fanica arteria en esa \u00e1rea, de desfogue hacia el otro lado del referido puente elevado.<\/p>\n\n\n\n<p>UNA POSIBLE SOLUCI\u00d3N<br \/>Una soluci\u00f3n a este problema bien puede ser generar acceso sobre la calle Guatemala, a la altura de los rieles, de tal forma que quienes circulan por la Venezuela puedan enfilar hacia la Guatemala desde la Josefa Ortiz de Dom\u00ednguez o la Monterrey, y as\u00ed no aglomerarse tanto sobre la Venezuela. Aunque a decir verdad, hacer un paso sobre la Guatemala est\u00e1 un tanto dif\u00edcil, pues las v\u00edas f\u00e9rreas est\u00e1n m\u00e1s abajo del nivel de la calle, pero en ese caso se puede dar acceso de doble sentido a la calle Washington, que si cuenta con paso sobre las v\u00edas, pero que de momento la circulaci\u00f3n ah\u00ed es solo de oriente a poniente, al igual que la Bol\u00edvar. Pero dado a que la Bol\u00edvar es la arteria por donde principalmente circulan quienes van de oriente a poniente y la Washington no tiene tanto movimiento vial, pues bien se puede generar el doble sentido en la Washington entre Amado Nervo y Esteban Baca Calder\u00f3n, que es un tramo de 200 metros. As\u00ed quienes vayan de poniente a oriente por la Guatemala, al llegar a Amado Nervo dan vuelta hacia el norte con rumbo a la Washington, cruzan los rieles, bajan a la Baca Calder\u00f3n y ah\u00ed dan vuelta hacia el sur, para retomar la Guatemala, y asunto arreglado. Digo, todo es cuesti\u00f3n de ejercerlo. Ya si no quieren, pues esa es otra bronca.<\/p>\n\n\n\n<p>PREVIENEN C\u00c1NCER DE LA MUJER EN LA UAT<br \/>Cumpliendo con la premisa de promover una educaci\u00f3n basada en los valores y en la responsabilidad social de la comunidad universitaria a trav\u00e9s de acciones de prevenci\u00f3n en beneficio de la salud, el Rector de la Universidad Aut\u00f3noma de Tamaulipas (UAT), Guillermo Mendoza Cavazos, puso en marcha este lunes la campa\u00f1a \u201cPrevenci\u00f3n de C\u00e1ncer en la Mujer\u201d en las instalaciones del Centro Universitario de Victoria. A trav\u00e9s de esta campa\u00f1a se prestar\u00e1 servicios gratuitos del 5 al 9 de septiembre en un horario de nueve de la ma\u00f1ana a una y media de la tarde. Ya despu\u00e9s se programar\u00e1 una ruta itinerante por las facultades y dem\u00e1s planteles educativos de la UAT de todo el estado.<\/p>\n","protected":false},"excerpt":{"rendered":"<p>El nuevo integrante de la Comisi\u00f3n de Transparencia del gobernador electo, Am\u00e9rico Villarreal Anaya, el alcalde con licencia de R\u00edo Bravo, H\u00e9ctor Joel Villegas Gonz\u00e1lez, mejor conocido como \u201cEl Calabozo\u201d, &hellip; <a href=\"http:\/\/revistalaneta.com.mx\/?p=592\" class=\"more-link\">Leer m\u00e1s<\/a><\/p>\n","protected":false},"author":1,"featured_media":0,"comment_status":"open","ping_status":"open","sticky":false,"template":"","format":"standard","meta":{"footnotes":""},"categories":[2,3],"tags":[],"class_list":["post-592","post","type-post","status-publish","format-standard","hentry","category-chismorreo","category-opinion","entry"],"_links":{"self":[{"href":"http:\/\/revistalaneta.com.mx\/index.php?rest_route=\/wp\/v2\/posts\/592","targetHints":{"allow":["GET"]}}],"collection":[{"href":"http:\/\/revistalaneta.com.mx\/index.php?rest_route=\/wp\/v2\/posts"}],"about":[{"href":"http:\/\/revistalaneta.com.mx\/index.php?rest_route=\/wp\/v2\/types\/post"}],"author":[{"embeddable":true,"href":"http:\/\/revistalaneta.com.mx\/index.php?rest_route=\/wp\/v2\/users\/1"}],"replies":[{"embeddable":true,"href":"http:\/\/revistalaneta.com.mx\/index.php?rest_route=%2Fwp%2Fv2%2Fcomments&post=592"}],"version-history":[{"count":1,"href":"http:\/\/revistalaneta.com.mx\/index.php?rest_route=\/wp\/v2\/posts\/592\/revisions"}],"predecessor-version":[{"id":593,"href":"http:\/\/revistalaneta.com.mx\/index.php?rest_route=\/wp\/v2\/posts\/592\/revisions\/593"}],"wp:attachment":[{"href":"http:\/\/revistalaneta.com.mx\/index.php?rest_route=%2Fwp%2Fv2%2Fmedia&parent=592"}],"wp:term":[{"taxonomy":"category","embeddable":true,"href":"http:\/\/revistalaneta.com.mx\/index.php?rest_route=%2Fwp%2Fv2%2Fcategories&post=592"},{"taxonomy":"post_tag","embeddable":true,"href":"http:\/\/revistalaneta.com.mx\/index.php?rest_route=%2Fwp%2Fv2%2Ftags&post=592"}],"curies":[{"name":"wp","href":"https:\/\/api.w.org\/{rel}","templated":true}]}}