{"id":595,"date":"2022-09-06T14:07:44","date_gmt":"2022-09-06T14:07:44","guid":{"rendered":"http:\/\/revistalaneta.com.mx\/?p=595"},"modified":"2022-09-06T14:08:17","modified_gmt":"2022-09-06T14:08:17","slug":"arrancan-nuevo-ciclo-escolar-en-la-utnl-y-festejos-por-20-aniversario","status":"publish","type":"post","link":"http:\/\/revistalaneta.com.mx\/?p=595","title":{"rendered":"Arrancan nuevo ciclo escolar en la UTNL y festejos por 20 aniversario"},"content":{"rendered":"\n<p><\/p>\n\n\n\n<p>Nuevo Laredo, Tamps.- Con el arranque del nuevo ciclo escolar en la Universidad Tecnol\u00f3gica de Nuevo Laredo (UTNL) dieron inicio a la vez los festejos por el 20 aniversario de la fundaci\u00f3n de dicha instituci\u00f3n acad\u00e9mica.<br \/>Este lunes inici\u00f3 el ciclo escolar 2022-2023 con la incorporaci\u00f3n de alrededor de mil nuevos alumnos para las diferentes carreras que la UTNL tiene, tanto en la modalidad de T\u00e9cnico Superior Universitario (TSU) como en Licenciaturas e Ingenier\u00edas, y todas ellas acordes a las necesidades laborales de las principales empresas de la localidad.<br \/>Al respecto el Rector Alfonso Salas P\u00e9rez dio la bienvenida a los nuevos estudiantes, y los conmin\u00f3 a poner todo de s\u00ed en sus estudios, comprometi\u00e9ndose a darles una educaci\u00f3n de calidad.<br \/>A la vez Salas P\u00e9rez dio a conocer que en este mes de septiembre inician tambi\u00e9n los festejos del vig\u00e9simo aniversario de la creaci\u00f3n de la UTNL, por lo que habr\u00e1 diversas actividades tanto educativas, como culturales y deportivas, que se ir\u00e1n desarrollando a lo largo del mes.<br \/>Una de estas actividades es la Carrera UT 20 Aniversario que se desarrollar\u00e1 el domingo 18 de septiembre en su modalidad de 3K, 5K y 10, con premios en estas dos \u00faltimas para los tres primeros lugares tanto en rama femenil como varonil, y con 300 pesos de inscripci\u00f3n a los primeros 500 corredores, estando ya abiertas las inscripciones.<br \/>A trav\u00e9s de la p\u00e1gina de Facebook de la Universidad Tecnol\u00f3gica de Nuevo Laredo, se estar\u00e1n difundiendo las diversas actividades que se estar\u00e1n celebrando con motivo del 20 aniversario.<\/p>\n","protected":false},"excerpt":{"rendered":"<p>Nuevo Laredo, Tamps.- Con el arranque del nuevo ciclo escolar en la Universidad Tecnol\u00f3gica de Nuevo Laredo (UTNL) dieron inicio a la vez los festejos por el 20 aniversario de &hellip; <a href=\"http:\/\/revistalaneta.com.mx\/?p=595\" class=\"more-link\">Leer m\u00e1s<\/a><\/p>\n","protected":false},"author":1,"featured_media":594,"comment_status":"open","ping_status":"open","sticky":false,"template":"","format":"standard","meta":{"footnotes":""},"categories":[6],"tags":[],"class_list":["post-595","post","type-post","status-publish","format-standard","has-post-thumbnail","hentry","category-destacado","entry"],"_links":{"self":[{"href":"http:\/\/revistalaneta.com.mx\/index.php?rest_route=\/wp\/v2\/posts\/595","targetHints":{"allow":["GET"]}}],"collection":[{"href":"http:\/\/revistalaneta.com.mx\/index.php?rest_route=\/wp\/v2\/posts"}],"about":[{"href":"http:\/\/revistalaneta.com.mx\/index.php?rest_route=\/wp\/v2\/types\/post"}],"author":[{"embeddable":true,"href":"http:\/\/revistalaneta.com.mx\/index.php?rest_route=\/wp\/v2\/users\/1"}],"replies":[{"embeddable":true,"href":"http:\/\/revistalaneta.com.mx\/index.php?rest_route=%2Fwp%2Fv2%2Fcomments&post=595"}],"version-history":[{"count":1,"href":"http:\/\/revistalaneta.com.mx\/index.php?rest_route=\/wp\/v2\/posts\/595\/revisions"}],"predecessor-version":[{"id":596,"href":"http:\/\/revistalaneta.com.mx\/index.php?rest_route=\/wp\/v2\/posts\/595\/revisions\/596"}],"wp:featuredmedia":[{"embeddable":true,"href":"http:\/\/revistalaneta.com.mx\/index.php?rest_route=\/wp\/v2\/media\/594"}],"wp:attachment":[{"href":"http:\/\/revistalaneta.com.mx\/index.php?rest_route=%2Fwp%2Fv2%2Fmedia&parent=595"}],"wp:term":[{"taxonomy":"category","embeddable":true,"href":"http:\/\/revistalaneta.com.mx\/index.php?rest_route=%2Fwp%2Fv2%2Fcategories&post=595"},{"taxonomy":"post_tag","embeddable":true,"href":"http:\/\/revistalaneta.com.mx\/index.php?rest_route=%2Fwp%2Fv2%2Ftags&post=595"}],"curies":[{"name":"wp","href":"https:\/\/api.w.org\/{rel}","templated":true}]}}