{"id":604,"date":"2022-09-07T01:53:08","date_gmt":"2022-09-07T01:53:08","guid":{"rendered":"http:\/\/revistalaneta.com.mx\/?p=604"},"modified":"2022-09-07T01:53:21","modified_gmt":"2022-09-07T01:53:21","slug":"invita-gobierno-municipal-a-participar-en-la-carrera-joven-5-k","status":"publish","type":"post","link":"http:\/\/revistalaneta.com.mx\/?p=604","title":{"rendered":"Invita Gobierno Municipal a participar en la &#8216;Carrera Joven 5 K&#8221;"},"content":{"rendered":"\n<p><\/p>\n\n\n\n<p>Nuevo Laredo, Tamps.- El Ayuntamiento, a trav\u00e9s del Instituto Municipal para el Desarrollo de la Juventud (IMJUVE) en coordinaci\u00f3n con la Direcci\u00f3n de Cultura F\u00edsica y Deporte, abri\u00f3 el registro para la \u201cCarrera Joven 5K 2022\u201d que ser\u00e1 el pr\u00f3ximo domingo 25 de septiembre.<\/p>\n\n\n\n<p>Est\u00e1 dirigida a j\u00f3venes de 12 a 29 a\u00f1os y para los primeros 150 inscritos, se les entregar\u00e1 playeras; el evento contar\u00e1 con stands de kit b\u00e1sicos.<\/p>\n\n\n\n<p>La carrera iniciar\u00e1 a las 8:00 de la ma\u00f1ana y el recorrido empezar\u00e1 desde el Parque Viveros, pasando por la Ruiz Cortines, despu\u00e9s Paseo Col\u00f3n, retornado hacia el Parque Viveros desde la R\u00edo Papaloapan.<\/p>\n\n\n\n<p>La inscripci\u00f3n es gratuita y habr\u00e1 trofeos para los dos ganadores, en rama femenil y varonil; tambi\u00e9n medallas para los primeros tres lugares de cada categor\u00eda.<\/p>\n\n\n\n<p>Los j\u00f3venes interesados en participar tienen que registrarse previamente, lo pueden hacer en la siguiente p\u00e1gina: https:\/\/forms.gle\/pdFjHBa1NwFteKnZ7<\/p>\n","protected":false},"excerpt":{"rendered":"<p>Nuevo Laredo, Tamps.- El Ayuntamiento, a trav\u00e9s del Instituto Municipal para el Desarrollo de la Juventud (IMJUVE) en coordinaci\u00f3n con la Direcci\u00f3n de Cultura F\u00edsica y Deporte, abri\u00f3 el registro &hellip; <a href=\"http:\/\/revistalaneta.com.mx\/?p=604\" class=\"more-link\">Leer m\u00e1s<\/a><\/p>\n","protected":false},"author":1,"featured_media":603,"comment_status":"open","ping_status":"open","sticky":false,"template":"","format":"standard","meta":{"footnotes":""},"categories":[4],"tags":[],"class_list":["post-604","post","type-post","status-publish","format-standard","has-post-thumbnail","hentry","category-nuevo-laredo","entry"],"_links":{"self":[{"href":"http:\/\/revistalaneta.com.mx\/index.php?rest_route=\/wp\/v2\/posts\/604","targetHints":{"allow":["GET"]}}],"collection":[{"href":"http:\/\/revistalaneta.com.mx\/index.php?rest_route=\/wp\/v2\/posts"}],"about":[{"href":"http:\/\/revistalaneta.com.mx\/index.php?rest_route=\/wp\/v2\/types\/post"}],"author":[{"embeddable":true,"href":"http:\/\/revistalaneta.com.mx\/index.php?rest_route=\/wp\/v2\/users\/1"}],"replies":[{"embeddable":true,"href":"http:\/\/revistalaneta.com.mx\/index.php?rest_route=%2Fwp%2Fv2%2Fcomments&post=604"}],"version-history":[{"count":1,"href":"http:\/\/revistalaneta.com.mx\/index.php?rest_route=\/wp\/v2\/posts\/604\/revisions"}],"predecessor-version":[{"id":605,"href":"http:\/\/revistalaneta.com.mx\/index.php?rest_route=\/wp\/v2\/posts\/604\/revisions\/605"}],"wp:featuredmedia":[{"embeddable":true,"href":"http:\/\/revistalaneta.com.mx\/index.php?rest_route=\/wp\/v2\/media\/603"}],"wp:attachment":[{"href":"http:\/\/revistalaneta.com.mx\/index.php?rest_route=%2Fwp%2Fv2%2Fmedia&parent=604"}],"wp:term":[{"taxonomy":"category","embeddable":true,"href":"http:\/\/revistalaneta.com.mx\/index.php?rest_route=%2Fwp%2Fv2%2Fcategories&post=604"},{"taxonomy":"post_tag","embeddable":true,"href":"http:\/\/revistalaneta.com.mx\/index.php?rest_route=%2Fwp%2Fv2%2Ftags&post=604"}],"curies":[{"name":"wp","href":"https:\/\/api.w.org\/{rel}","templated":true}]}}