{"id":6138,"date":"2023-07-03T02:11:50","date_gmt":"2023-07-03T02:11:50","guid":{"rendered":"http:\/\/revistalaneta.com.mx\/?p=6138"},"modified":"2023-07-03T02:12:12","modified_gmt":"2023-07-03T02:12:12","slug":"recibe-dif-tamaulipas-20-sillas-de-ruedas-especiales-donadas-por-el-crit-altamira","status":"publish","type":"post","link":"http:\/\/revistalaneta.com.mx\/?p=6138","title":{"rendered":"Recibe DIF Tamaulipas 20 sillas de ruedas especiales donadas por el CRIT Altamira"},"content":{"rendered":"\n<p><\/p>\n\n\n\n<p>Altamira, Tamps.- En el marco de las actividades que se realizaron en las instalaciones del Centro de Rehabilitaci\u00f3n e Inclusi\u00f3n Infantil Telet\u00f3n (CRIT) ubicado en el municipio de Altamira, el Sistema DIF Tamaulipas que preside la doctora Mar\u00eda Santiago de Villarreal, recibi\u00f3 un donativo de 20 sillas de ruedas.<\/p>\n\n\n\n<p>\u201cCon este donativo, podremos atender las necesidades espec\u00edficas de cada usuario, con la seguridad de que cada vez m\u00e1s ni\u00f1as, ni\u00f1os y adolescentes ser\u00e1n atendidos como se lo merecen\u201d expres\u00f3 Geancarlo Bonetta Cavazos, director general del DIF Estatal.<\/p>\n\n\n\n<p>Las sillas de ruedas son tipo Bee Line, y durante su entrega, terapeutas del CRIT Altamira mostraron a personal del DIF Tamaulipas la forma de operarlas para un mejor funcionamiento.<\/p>\n","protected":false},"excerpt":{"rendered":"<p>Altamira, Tamps.- En el marco de las actividades que se realizaron en las instalaciones del Centro de Rehabilitaci\u00f3n e Inclusi\u00f3n Infantil Telet\u00f3n (CRIT) ubicado en el municipio de Altamira, el &hellip; <a href=\"http:\/\/revistalaneta.com.mx\/?p=6138\" class=\"more-link\">Leer m\u00e1s<\/a><\/p>\n","protected":false},"author":1,"featured_media":6137,"comment_status":"open","ping_status":"open","sticky":false,"template":"","format":"standard","meta":{"footnotes":""},"categories":[7,8],"tags":[],"class_list":["post-6138","post","type-post","status-publish","format-standard","has-post-thumbnail","hentry","category-ciudad-victoria","category-tamaulipas-sur","entry"],"_links":{"self":[{"href":"http:\/\/revistalaneta.com.mx\/index.php?rest_route=\/wp\/v2\/posts\/6138","targetHints":{"allow":["GET"]}}],"collection":[{"href":"http:\/\/revistalaneta.com.mx\/index.php?rest_route=\/wp\/v2\/posts"}],"about":[{"href":"http:\/\/revistalaneta.com.mx\/index.php?rest_route=\/wp\/v2\/types\/post"}],"author":[{"embeddable":true,"href":"http:\/\/revistalaneta.com.mx\/index.php?rest_route=\/wp\/v2\/users\/1"}],"replies":[{"embeddable":true,"href":"http:\/\/revistalaneta.com.mx\/index.php?rest_route=%2Fwp%2Fv2%2Fcomments&post=6138"}],"version-history":[{"count":1,"href":"http:\/\/revistalaneta.com.mx\/index.php?rest_route=\/wp\/v2\/posts\/6138\/revisions"}],"predecessor-version":[{"id":6139,"href":"http:\/\/revistalaneta.com.mx\/index.php?rest_route=\/wp\/v2\/posts\/6138\/revisions\/6139"}],"wp:featuredmedia":[{"embeddable":true,"href":"http:\/\/revistalaneta.com.mx\/index.php?rest_route=\/wp\/v2\/media\/6137"}],"wp:attachment":[{"href":"http:\/\/revistalaneta.com.mx\/index.php?rest_route=%2Fwp%2Fv2%2Fmedia&parent=6138"}],"wp:term":[{"taxonomy":"category","embeddable":true,"href":"http:\/\/revistalaneta.com.mx\/index.php?rest_route=%2Fwp%2Fv2%2Fcategories&post=6138"},{"taxonomy":"post_tag","embeddable":true,"href":"http:\/\/revistalaneta.com.mx\/index.php?rest_route=%2Fwp%2Fv2%2Ftags&post=6138"}],"curies":[{"name":"wp","href":"https:\/\/api.w.org\/{rel}","templated":true}]}}