{"id":622,"date":"2022-09-08T03:17:38","date_gmt":"2022-09-08T03:17:38","guid":{"rendered":"http:\/\/revistalaneta.com.mx\/?p=622"},"modified":"2022-09-08T03:17:46","modified_gmt":"2022-09-08T03:17:46","slug":"hay-cambios-en-el-gobierno-municipal-de-nuevo-laredo","status":"publish","type":"post","link":"http:\/\/revistalaneta.com.mx\/?p=622","title":{"rendered":"Hay cambios en el Gobierno Municipal de Nuevo Laredo"},"content":{"rendered":"\n<p><\/p>\n\n\n\n<p>Nuevo Laredo, Tamps.- Luego del primer Informe de Gobierno la alcaldesa Carmen Lilia Canturosas Villarreal anunci\u00f3 algunos ajustes en diversas direcciones municipales, que fortalecer\u00e1 el desempe\u00f1o de la administraci\u00f3n municipal.<\/p>\n\n\n\n<p>Lo anterior es con la finalidad de seguir trabajando en favor de la ciudadan\u00eda y dar resultados m\u00e1s efectivos en cada \u00e1rea.<\/p>\n\n\n\n<p>Los enroques son los siguientes: El CP. Ernesto Salda\u00f1a Medrano llega a la Direcci\u00f3n de Turismo en sustituci\u00f3n de Roberto Huerta Cano quien ahora ocupar\u00e1 la Direcci\u00f3n de Recursos Humanos, sustituyendo a Ricardo Canales Garc\u00eda, quien pasa a la Direcci\u00f3n de Patrimonio.<\/p>\n\n\n\n<p>En tanto que, Sergio Orlando Siever Romero, ser\u00e1 ahora el responsable de los Programas Federales, en sustituci\u00f3n de Marco Tulio P\u00e9rez Ramos quien a su vez asume la titularidad de la Direcci\u00f3n de Mejora Regulatoria.<\/p>\n\n\n\n<p>Finalmente Mario Gerardo Rodr\u00edguez Valadez ser\u00e1 el titular de la Direcci\u00f3n de Transparencia que ocupaba Luis Alfredo Buer\u00f3n Guerrero, el que a su vez fue nombrado director de de Innovaci\u00f3n Socioecon\u00f3mica y Tecnol\u00f3gica (IST).<\/p>\n\n\n\n<p>Al darles posesi\u00f3n de sus cargos, la alcaldesa los exhort\u00f3 a redoblar esfuerzos para seguir con el objetivo de esta administraci\u00f3n de atender con amabilidad y eficaz servicio a los ciudadanos, quienes finalmente son el motivo de esta administraci\u00f3n para llevarles bienestar y mejor calidad de vida.<\/p>\n","protected":false},"excerpt":{"rendered":"<p>Nuevo Laredo, Tamps.- Luego del primer Informe de Gobierno la alcaldesa Carmen Lilia Canturosas Villarreal anunci\u00f3 algunos ajustes en diversas direcciones municipales, que fortalecer\u00e1 el desempe\u00f1o de la administraci\u00f3n municipal. &hellip; <a href=\"http:\/\/revistalaneta.com.mx\/?p=622\" class=\"more-link\">Leer m\u00e1s<\/a><\/p>\n","protected":false},"author":1,"featured_media":621,"comment_status":"open","ping_status":"open","sticky":false,"template":"","format":"standard","meta":{"footnotes":""},"categories":[4],"tags":[],"class_list":["post-622","post","type-post","status-publish","format-standard","has-post-thumbnail","hentry","category-nuevo-laredo","entry"],"_links":{"self":[{"href":"http:\/\/revistalaneta.com.mx\/index.php?rest_route=\/wp\/v2\/posts\/622","targetHints":{"allow":["GET"]}}],"collection":[{"href":"http:\/\/revistalaneta.com.mx\/index.php?rest_route=\/wp\/v2\/posts"}],"about":[{"href":"http:\/\/revistalaneta.com.mx\/index.php?rest_route=\/wp\/v2\/types\/post"}],"author":[{"embeddable":true,"href":"http:\/\/revistalaneta.com.mx\/index.php?rest_route=\/wp\/v2\/users\/1"}],"replies":[{"embeddable":true,"href":"http:\/\/revistalaneta.com.mx\/index.php?rest_route=%2Fwp%2Fv2%2Fcomments&post=622"}],"version-history":[{"count":1,"href":"http:\/\/revistalaneta.com.mx\/index.php?rest_route=\/wp\/v2\/posts\/622\/revisions"}],"predecessor-version":[{"id":623,"href":"http:\/\/revistalaneta.com.mx\/index.php?rest_route=\/wp\/v2\/posts\/622\/revisions\/623"}],"wp:featuredmedia":[{"embeddable":true,"href":"http:\/\/revistalaneta.com.mx\/index.php?rest_route=\/wp\/v2\/media\/621"}],"wp:attachment":[{"href":"http:\/\/revistalaneta.com.mx\/index.php?rest_route=%2Fwp%2Fv2%2Fmedia&parent=622"}],"wp:term":[{"taxonomy":"category","embeddable":true,"href":"http:\/\/revistalaneta.com.mx\/index.php?rest_route=%2Fwp%2Fv2%2Fcategories&post=622"},{"taxonomy":"post_tag","embeddable":true,"href":"http:\/\/revistalaneta.com.mx\/index.php?rest_route=%2Fwp%2Fv2%2Ftags&post=622"}],"curies":[{"name":"wp","href":"https:\/\/api.w.org\/{rel}","templated":true}]}}