{"id":637,"date":"2022-09-08T13:36:22","date_gmt":"2022-09-08T13:36:22","guid":{"rendered":"http:\/\/revistalaneta.com.mx\/?p=637"},"modified":"2022-09-08T13:36:52","modified_gmt":"2022-09-08T13:36:52","slug":"ratifican-en-definitiva-el-triunfo-de-americo-villarreal","status":"publish","type":"post","link":"http:\/\/revistalaneta.com.mx\/?p=637","title":{"rendered":"RATIFICAN EN DEFINITIVA EL TRIUNFO DE AM\u00c9RICO VILLARREAL"},"content":{"rendered":"\n<p>En definitiva, Am\u00e9rico Villarreal Anaya ha sido confirmado como gobernador electo de Tamaulipas, esto luego de que la sala superior del Tribunal Electoral del Poder Judicial de la Federaci\u00f3n (TEPJF) desechara las \u00faltimas impugnaciones presentadas por el Partido Acci\u00f3n Nacional (PAN) con el prop\u00f3sito de anular los comicios del pasado 5 de junio. Con esto ya no hay impedimento alguno para que el pr\u00f3ximo 1 de octubre Am\u00e9rico asuma las riendas del Gobierno del Estado de Tamaulipas, a la vez que en el PAN tendr\u00e1n que resignarse y aceptar finalmente su derrota, pues ya no hay m\u00e1s instancias ante las cuales alegar lo que no pudieron ganar en las urnas. De esta manera se espera que el doctor Am\u00e9rico y su grupo de colaboradores se enfoquen ya m\u00e1s de lleno en la integraci\u00f3n del pr\u00f3ximo gabinete, as\u00ed como las tareas de transici\u00f3n con el gobierno saliente.<\/p>\n\n\n\n<p>ENGA\u00d1OSA ACCI\u00d3N DEL TRIBUNAL DEL PODER JUDICIAL DEL ESTADO<br \/>De enga\u00f1osa, y como una medida que solo tiene como finalidad ganar tiempo, ha sido calificada por diversos jurisprudentes, la decisi\u00f3n del Tribunal del Poder Judicial del Estado de suspender la sentencia del Tribunal Electoral de Tamaulipas (TRIELTAM), para disolver la Comisi\u00f3n Permanente del Congreso del Estado que encabezaba el diputado local, F\u00e9lix Fernando Garc\u00eda Aguiar. Dicha suspensi\u00f3n fue notificada este mi\u00e9rcoles, y se dijo que derivaba de la controversia constitucional local promovida por los s\u00edndicos del municipio de Mante, Tamaulipas, Claudia Tavares Hern\u00e1ndez y C\u00e9sar Garnier Gonz\u00e1lez, quienes se inconformaron porque ya se hab\u00eda dado una decisi\u00f3n en torno a su municipio, que con la integraci\u00f3n de la nueva Comisi\u00f3n Permanente, quedar\u00eda sin efecto. Aqu\u00ed el asunto es que el Tribunal del Poder Judicial del Estado no tiene facultad sobre el TRIELTAM, y adem\u00e1s que en este caso dicho tribunal se est\u00e1 \u201cbrincando\u201d en primera instancia a la sala regional, y en segunda instancia a la sala superior, del Tribunal Electoral del Poder Judicial de la Federaci\u00f3n, que s\u00ed tiene facultad sobre el TRIELTAM. Por lo tanto se considera que esta medida tiene como fin suspender las acciones, y a la vez ganar tiempo en tanto las instancias competentes vuelven a resolver al respecto.<\/p>\n\n\n\n<p>EN \u201cSTAND BY\u201d<br \/>Por lo tanto habr\u00e1 que ver que va a pasar ahora con lo referente a la Comisi\u00f3n Permanente, porque en este sentido en el Congreso del Estado ya hab\u00edan autorizado la conformaci\u00f3n de dicha comisi\u00f3n con los integrantes de la anterior mesa directiva, que en este caso son la diputada panista Imelda Sanmiguel S\u00e1nchez, como presidenta, as\u00ed como los morenistas Gabriela Regalado Fuentes y Marco Antonio Gallegos Galv\u00e1n, y que de hecho ya ten\u00edan contemplado sesionar el pr\u00f3ximo viernes, pero a la mejor dada esta situaci\u00f3n van a suspender la sesi\u00f3n, en tanto se define si hay o no raz\u00f3n a la suspensi\u00f3n del Tribunal del Poder Judicial del Estado. De hecho este mi\u00e9rcoles anduvo en Nuevo Laredo la diputada Gabriela Regalado Fuentes, quien dijo que ya estaba lista para asumir su nuevo encargo y empezar a revisar todo lo que aprob\u00f3 por la anterior comisi\u00f3n, y en dado caso rechazar lo que no consideren apropiado, pero se reitera que habr\u00e1 que ver qu\u00e9 pasa.<\/p>\n\n\n\n<p>LE ENTRA AL QUITE GOBIERNO DE CLCR A LA LEGALIZACI\u00d3N DE AUTOS<br \/>Finalmente el Gobierno Municipal de Nuevo Laredo, que encabeza Carmen Lilia Canturosas Villarreal, le ha entrado al quite en la legalizaci\u00f3n de veh\u00edculos americanos, gracias a la buena relaci\u00f3n con el gobierno federal, y sobre todo para apoyar a la ciudadan\u00eda en dichos tr\u00e1mites, toda vez que el gobierno del estado va lento en dicho servicio, al contar solo con dos m\u00f3dulos, donde muy apenas atienden 32 unidades al d\u00eda. En contraparte el Municipio desde este mi\u00e9rcoles puso en marcha, con recursos municipales, seis m\u00f3dulos que tendr\u00e1n la capacidad de realizar 192 tr\u00e1mites diarios, en un horario de ocho de la ma\u00f1ana a cuatro de la tarde, que de hecho es mayor al que aplica el gobierno estatal. Pero ojo, porque a partir del lunes se pondr\u00e1n en servicio seis m\u00f3dulos m\u00e1s, por lo que el total de tr\u00e1mites diarios a atender ser\u00e1 de 384 (10 veces m\u00e1s de lo que atiende el estado). Dichos m\u00f3dulos se ubican en la sala \u201cSergio Pe\u00f1a\u201d de la Antigua Aduana. Y bueno los interesados a\u00fan pueden generar sus citas de legalizaci\u00f3n en el portal https:\/\/www.regularizaauto.sspc.gob.mx\/ De esta manera la alcaldesa neolaredense cumple con su promesa de apoyar a la ciudadan\u00eda en estos tr\u00e1mites.<\/p>\n\n\n\n<p>Y LOS CAJEROS \u00a1SIN DINERO!<br \/>Cada vez es m\u00e1s recurrente la falta de dinero en los cajeros autom\u00e1ticos de los bancos, situaci\u00f3n que obviamente afecta a los tarjetahabientes. Y estas situaciones se dan m\u00e1s justo en los fines de semana y quincenas, que es precisamente cuando mayor demanda por el uso de los aparatos hay. Nada vale, que la gente anda de cajero en cajero viendo cual tiene dinero, y en ocasiones van a dos o tres, y no tienen, y los que tienen hay que hacer enormes filas para sacar el efectivo. Se entiende que esto es consecuencia de que cada vez m\u00e1s gente tiene tarjetas bancarias, y por lo tanto la demanda es mayor, pero tambi\u00e9n se deben tomar las debidas precauciones por parte de los bancos, porque no se vale que vayan los viejecitos a cobrar su pensi\u00f3n, y no hallen efectivo, y a ellos se les dificulta mucho la movilidad. As\u00ed que los de los bancos tienen que ser m\u00e1s emp\u00e1ticos en este sentido.<\/p>\n\n\n\n<p>UN PROBLEMA CONLLEVA A OTRO<br \/>A ra\u00edz de las recientes lluvias, se han estado registrando en la ciudad brotes de aguas negras en diversos sectores de Nuevo Laredo, y muy principalmente donde los drenajes sanitarios ya est\u00e1n colapsados, producto de su antig\u00fcedad. Y esto se da por el hecho de que cuando llueve mucho, y se presentan inundaciones en las zonas donde no hay drenaje pluvial, se tienen que destapar las alcantarillas de drenaje sanitario para que el agua fluya, y al hacer esto se arrastra basura que termina tapando la redes, de ah\u00ed que las aguas negras broten por donde puedan y con ello generen pestilencia. Es por eso que las autoridades municipales piden a la gente no tirar basura en la calle. Y si bien es cierto que hay personas cochinas que tiran basura en la v\u00eda p\u00fablica, tambi\u00e9n es cierto que la principal causa de que haya basura en las calles, es la inmensa cantidad de perros callejeros que hay, y que tumban los tambos, o rompen las bolsas de pl\u00e1stico, en busca de alimento, y por ende los desperdicios se diseminan por todas partes.<\/p>\n\n\n\n<p>AS\u00cd NO SE PINCHES PUEDE<br \/>Esto podr\u00eda evitarse si hubiera control de tanto perro callejero, y no hubiese solo gente protestando que no se les sacrifique, pero sin querer adoptarlos. Esto tambi\u00e9n podr\u00eda evitarse si la gente sacara sus tambos o bolsas de basura a la hora exacta en que pasan los camiones recolectores, pero para muchos no es posible, porque trabajan y no est\u00e1n a la hora que pasan las unidades, y tambi\u00e9n porque no hay un itinerario exacto para ello, se falla mucho en la recolecci\u00f3n de la basura, y los camiones a veces ni pasan, de ah\u00ed que los tambos est\u00e9n a merced de los perros callejeros hasta todo un d\u00eda. Y por si fuera poco el argumento del personal de la basura, es que como hay muchas calles en reparaci\u00f3n, pues no pueden pasar, y por lo tanto no pueden recoger la basura en algunas \u00e1reas, y total que un problema lleva a otro, y el meollo del asunto es que todos nos quejamos, pero no buscamos soluciones, no contribuimos y el problema sigue creciendo. Y as\u00ed no se pinches puede.<\/p>\n\n\n\n<p>LO \u00daLTIMO<br \/>Este jueves a las 10 de la ma\u00f1ana ser\u00e1 la segunda entrega de becas de inscripci\u00f3n para alumnos de la Universidad Aut\u00f3noma de Tamaulipas (UAT) de Nuevo Laredo, pero ahora para los de la Facultad de Enfermer\u00eda, en las instalaciones de dicho plantel. Dichas becas son aportadas por el Patronato de Ex Alumnos de la UAT que dirige Baltazar Hinojosa Alarc\u00f3n\u2026 Ya dieron arranque los festejos por el 20 aniversario de la fundaci\u00f3n de la Universidad Tecnol\u00f3gica de Nuevo Laredo (UTNL). Habr\u00e1 diversas actividades del \u00e1mbito acad\u00e9mico, cultural y deportivo, as\u00ed como tambi\u00e9n una carrera de 10K, 5K y 3K, y un torneo de golf, mediante los cuales se recaudar\u00e1n fondos para becas de alumnos\u2026 Ante el miedo de seguir siendo exhibido, al dirigente nacional del Partido Revolucionario Institucional (PRI), Alejandro Moreno C\u00e1rdenas, no le qued\u00f3 de otra m\u00e1s que doblar las manos y apoyar al gobierno de Andr\u00e9s Manuel L\u00f3pez Obrador, y con eso terminar de hundir al tricolor.<\/p>\n","protected":false},"excerpt":{"rendered":"<p>En definitiva, Am\u00e9rico Villarreal Anaya ha sido confirmado como gobernador electo de Tamaulipas, esto luego de que la sala superior del Tribunal Electoral del Poder Judicial de la Federaci\u00f3n (TEPJF) &hellip; <a href=\"http:\/\/revistalaneta.com.mx\/?p=637\" class=\"more-link\">Leer m\u00e1s<\/a><\/p>\n","protected":false},"author":1,"featured_media":0,"comment_status":"open","ping_status":"open","sticky":false,"template":"","format":"standard","meta":{"footnotes":""},"categories":[2,3],"tags":[],"class_list":["post-637","post","type-post","status-publish","format-standard","hentry","category-chismorreo","category-opinion","entry"],"_links":{"self":[{"href":"http:\/\/revistalaneta.com.mx\/index.php?rest_route=\/wp\/v2\/posts\/637","targetHints":{"allow":["GET"]}}],"collection":[{"href":"http:\/\/revistalaneta.com.mx\/index.php?rest_route=\/wp\/v2\/posts"}],"about":[{"href":"http:\/\/revistalaneta.com.mx\/index.php?rest_route=\/wp\/v2\/types\/post"}],"author":[{"embeddable":true,"href":"http:\/\/revistalaneta.com.mx\/index.php?rest_route=\/wp\/v2\/users\/1"}],"replies":[{"embeddable":true,"href":"http:\/\/revistalaneta.com.mx\/index.php?rest_route=%2Fwp%2Fv2%2Fcomments&post=637"}],"version-history":[{"count":1,"href":"http:\/\/revistalaneta.com.mx\/index.php?rest_route=\/wp\/v2\/posts\/637\/revisions"}],"predecessor-version":[{"id":638,"href":"http:\/\/revistalaneta.com.mx\/index.php?rest_route=\/wp\/v2\/posts\/637\/revisions\/638"}],"wp:attachment":[{"href":"http:\/\/revistalaneta.com.mx\/index.php?rest_route=%2Fwp%2Fv2%2Fmedia&parent=637"}],"wp:term":[{"taxonomy":"category","embeddable":true,"href":"http:\/\/revistalaneta.com.mx\/index.php?rest_route=%2Fwp%2Fv2%2Fcategories&post=637"},{"taxonomy":"post_tag","embeddable":true,"href":"http:\/\/revistalaneta.com.mx\/index.php?rest_route=%2Fwp%2Fv2%2Ftags&post=637"}],"curies":[{"name":"wp","href":"https:\/\/api.w.org\/{rel}","templated":true}]}}