{"id":658,"date":"2022-09-09T12:34:03","date_gmt":"2022-09-09T12:34:03","guid":{"rendered":"http:\/\/revistalaneta.com.mx\/?p=658"},"modified":"2022-09-09T12:34:31","modified_gmt":"2022-09-09T12:34:31","slug":"le-sigue-lloviendo-en-su-milpita-al-pan-de-tamaulipas","status":"publish","type":"post","link":"http:\/\/revistalaneta.com.mx\/?p=658","title":{"rendered":"LE SIGUE LLOVIENDO EN SU MILPITA AL PAN DE TAMAULIPAS"},"content":{"rendered":"\n<p>Mal y de malas siguen el dirigente estatal del Partido Acci\u00f3n Nacional (PAN) de Tamaulipas, Luis Ren\u00e9 Cant\u00fa Galv\u00e1n, toda vez que el Tribunal Electoral de Tamaulipas (TRIELTAM) dio pie a la inconformidad presentada por el ex senador, Jos\u00e9 Juli\u00e1n Sacramento Garza, por el hecho de que no le permitieron registrarse en pos de la nominaci\u00f3n a la dirigencia del comit\u00e9 estatal. El TRIELTAM reencaus\u00f3 a la Comisi\u00f3n de Justicia del mismo PAN, la citada inconformidad, dando 10 d\u00edas para que se expliquen los motivos por los cuales la Comisi\u00f3n Estatal Organizadora del proceso interno no le dio oportunidad a Sacramento de registrarse. Y como claramente se cometi\u00f3 un abuso, lo m\u00e1s seguro es que se conmine a la CEO a reorganizar el proceso, y permitir el registro de Sacramento, y con ello tendr\u00e1 que haber elecci\u00f3n interna para elegir la nueva directiva estatal, y a c\u00f3mo andan las cosas al interior del PAN, \u201cEl Cachorro\u201d Galv\u00e1n puede quedar fuera de la jugada.<\/p>\n\n\n\n<p>CELEBRAN FORO DE COMPETITIVIDAD<br \/>Con la participaci\u00f3n de reconocidos empresarios y emprendedores de Nuevo Laredo, se llev\u00f3 a cabo el \u201cPrimer Foro de Competitividad Nuevo Laredo 2022\u201d, organizado por el Instituto para la Competitividad y el Comercio Exterior de Nuevo Laredo (ICCE), bajo el tema de \u201cCadena de Suministro: Retos y Desaf\u00edos Globales\u201d. Este evento se desarroll\u00f3 en el Centro Cultural de Nuevo Laredo, siendo puesto en marcha por el Secretario de Desarrollo Econ\u00f3mico, Rolando Guevara Gonz\u00e1lez, quien acudi\u00f3 en representaci\u00f3n de la Presidente Municipal, Carmen Lilia Canturosas Villarreal. En el acto participaron organismos y empresas como: Oradel, la Asociaci\u00f3n de Agentes Aduanales, el Departamento de Desarrollo Econ\u00f3mico de Laredo, Texas, el Centro Latino de Desarrollo Econ\u00f3mico, la Asociaci\u00f3n de Transportistas de Carga (ATC), ONILOG Group, el Grupo Palos Garza, Cargoquin, la C\u00e1mara Nacional de la Industria de Transformaci\u00f3n (CANACINTRA), entre otros, que dieron mayor relevancia al evento.<\/p>\n\n\n\n<p>CARRERA BINACIONAL CON VERBENA POPULAR<br \/>En el marco de los festejos por las fiestas patrias conmemorativas a la Independencia de M\u00e9xico, el Gobierno Municipal de Nuevo Laredo, en coordinaci\u00f3n con la hermana Ciudad de Laredo, est\u00e1n organizando una Carrera Binacional de la Independencia, la cual se celebrar\u00e1 el pr\u00f3ximo s\u00e1bado 17 de septiembre, arrancando a las seis de la tarde en la plaza San Agust\u00edn, de Laredo, y terminando en la plaza Ju\u00e1rez, de Nuevo Laredo. Ser\u00e1n dos categor\u00edas: 5k la cual es dirigida para todas las edades y 10k a partir de los 16 a\u00f1os. A los participantes se les entregar\u00e1 playera, medalla y un n\u00famero de participante. Quienes est\u00e9n interesados en participar en esta competencia pueden inscribirse de manera gratuita en www.boletopolis.com\/evento23610 o comunicarse a la Direcci\u00f3n de Turismo 867 713 70 20 o 867 713 7021. Al t\u00e9rmino del evento habr\u00e1 una verbena popular en la misma plaza.<\/p>\n\n\n\n<p>CALOR Y M\u00c1S AGUA<br \/>Calorcito se registr\u00f3 en Nuevo Laredo este jueves, luego de que en el resto de la semana estuviera nublado y con algunas lluvias dispersas. De hecho para este fin de semana se esperan temperaturas m\u00ednimas de 24 grados cent\u00edgrados y m\u00e1ximas de 36 grados, que se van a mantener hasta el mi\u00e9rcoles de la semana venidera, por lo que se aguarda un clima agradable, digo, considerando que hace no mucho est\u00e1bamos por encima de los 40 grados. Y para el mi\u00e9rcoles en adelante, incluso de la semana siguiente, est\u00e1n programadas lluvias hasta en un 50 por ciento, por lo que vamos a seguir empap\u00e1ndonos, lo que a decir verdad est\u00e1 bien, porque se requiere de m\u00e1s lluvias para abatir la sequ\u00eda que nos dejaron los anteriores meses.<\/p>\n\n\n\n<p>EL IMPACTO DE LA MUERTE DE LA REINA ISABEL II<br \/>Pocas veces hay noticias que impactan a nivel mundial, como la de este jueves, en que se registr\u00f3 el deceso de la Reina Isabel II de Inglaterra. Y este hecho ha impactado m\u00e1s, ya que por muchos a\u00f1os se dio la expectativa sobre cuando se registrar\u00eda la muerte de la soberana, que por 70 a\u00f1os gobern\u00f3 en el Reino Unido, lo que finalmente ocurri\u00f3 este 8 de septiembre del 2022. A la Reina Isabel II la tuvimos en M\u00e9xico en dos ocasiones, la primera del 24 de febrero al 1 de marzo de 1975, en la administraci\u00f3n del presidente Luis Echeverr\u00eda \u00c1lvarez, y donde visit\u00f3 varias ciudades, y en 1983, cuando gobernaba en el pa\u00eds Miguel De la Madrid Hurtado, con una estancia del 17 al 25 de febrero, visitando tambi\u00e9n varias ciudades, principalmente con playas. A su vez la soberana inglesa recibi\u00f3 a los presidentes de M\u00e9xico, Ernesto Zedillo Ponce de Le\u00f3n, Vicente Fox Quezada, Felipe Calder\u00f3n Hinojosa y Enrique Pe\u00f1a Nieto, all\u00e1 en el Palacio de Buckingham.<\/p>\n\n\n\n<p>LO \u00daLTIMO<br \/>Muchas felicidades a la ex regidora Adriana Ram\u00edrez Rubio quien este viernes est\u00e1 cumpliendo un a\u00f1o m\u00e1s de vida, al igual que el amigo Jos\u00e9 Luis Ch\u00e1vez. \u00a1Enhorabuena!\u2026 Este viernes habr\u00e1 Brigada de Salud Animal en la colonia Lomas del R\u00edo, justo en Tecolotes entre Nogal y Tulip\u00e1n. Habr\u00e1 consultas veterinarias, servicios de est\u00e9tica canina, vacunas antirr\u00e1bicas, corte de u\u00f1as, desparasitaciones y dem\u00e1s, todo totalmente gratis\u2026 El Rector de la Universidad Aut\u00f3noma de Tamaulipas (UAT), Guillermo Mendoza Cavazos, inaugur\u00f3 el ciclo de conferencias denominado \u201cC\u00e1tedra Inegi\u201d, que ofrece a la comunidad universitaria un programa de doce ponencias y una serie de talleres en temas de estad\u00edstica sociodemogr\u00e1fica, econ\u00f3mica, de gobierno, as\u00ed como geogr\u00e1fica y de medioambiente. Estas actividades, que por primera imparte en Tamaulipas el Instituto Nacional de Estad\u00edstica y Geograf\u00eda (INEGI), se realizar\u00e1n del 5 de septiembre al 29 de noviembre del a\u00f1o en curso\u2026 El Pr\u00edncipe Carlos a los 73 a\u00f1os de edad, por fin va a poder trabajar. \u00bfYa ven porqu\u00e9 Carlos Slim pide que la gente se jubile hasta los 75 a\u00f1os?, para que as\u00ed Carlitos pueda cotizar cuando menos dos a\u00f1os para su pensi\u00f3n jejejeje.<\/p>\n","protected":false},"excerpt":{"rendered":"<p>Mal y de malas siguen el dirigente estatal del Partido Acci\u00f3n Nacional (PAN) de Tamaulipas, Luis Ren\u00e9 Cant\u00fa Galv\u00e1n, toda vez que el Tribunal Electoral de Tamaulipas (TRIELTAM) dio pie &hellip; <a href=\"http:\/\/revistalaneta.com.mx\/?p=658\" class=\"more-link\">Leer m\u00e1s<\/a><\/p>\n","protected":false},"author":1,"featured_media":0,"comment_status":"open","ping_status":"open","sticky":false,"template":"","format":"standard","meta":{"footnotes":""},"categories":[2,3],"tags":[],"class_list":["post-658","post","type-post","status-publish","format-standard","hentry","category-chismorreo","category-opinion","entry"],"_links":{"self":[{"href":"http:\/\/revistalaneta.com.mx\/index.php?rest_route=\/wp\/v2\/posts\/658","targetHints":{"allow":["GET"]}}],"collection":[{"href":"http:\/\/revistalaneta.com.mx\/index.php?rest_route=\/wp\/v2\/posts"}],"about":[{"href":"http:\/\/revistalaneta.com.mx\/index.php?rest_route=\/wp\/v2\/types\/post"}],"author":[{"embeddable":true,"href":"http:\/\/revistalaneta.com.mx\/index.php?rest_route=\/wp\/v2\/users\/1"}],"replies":[{"embeddable":true,"href":"http:\/\/revistalaneta.com.mx\/index.php?rest_route=%2Fwp%2Fv2%2Fcomments&post=658"}],"version-history":[{"count":1,"href":"http:\/\/revistalaneta.com.mx\/index.php?rest_route=\/wp\/v2\/posts\/658\/revisions"}],"predecessor-version":[{"id":659,"href":"http:\/\/revistalaneta.com.mx\/index.php?rest_route=\/wp\/v2\/posts\/658\/revisions\/659"}],"wp:attachment":[{"href":"http:\/\/revistalaneta.com.mx\/index.php?rest_route=%2Fwp%2Fv2%2Fmedia&parent=658"}],"wp:term":[{"taxonomy":"category","embeddable":true,"href":"http:\/\/revistalaneta.com.mx\/index.php?rest_route=%2Fwp%2Fv2%2Fcategories&post=658"},{"taxonomy":"post_tag","embeddable":true,"href":"http:\/\/revistalaneta.com.mx\/index.php?rest_route=%2Fwp%2Fv2%2Ftags&post=658"}],"curies":[{"name":"wp","href":"https:\/\/api.w.org\/{rel}","templated":true}]}}