{"id":661,"date":"2022-09-10T01:24:26","date_gmt":"2022-09-10T01:24:26","guid":{"rendered":"http:\/\/revistalaneta.com.mx\/?p=661"},"modified":"2022-09-10T01:25:15","modified_gmt":"2022-09-10T01:25:15","slug":"incrementa-generacion-de-empleos-en-nuevo-laredo","status":"publish","type":"post","link":"http:\/\/revistalaneta.com.mx\/?p=661","title":{"rendered":"Incrementa generaci\u00f3n de empleos en Nuevo Laredo"},"content":{"rendered":"\n<p id=\"m_6078932317989257055m_9143031663926160558m_-9198899478111004005docs-internal-guid-0038af52-7fff-4761-40a9-19403f2cb461\"><\/p>\n\n\n\n<p>Nuevo Laredo, Tamps.-;Nuevo Laredo registra una cifra r\u00e9cord en generaci\u00f3n de empleo, de acuerdo a los indicadores del\u00a0 Instituto Mexicano del Seguro Social (IMSS), quienes reportan 4 mil 21 empleos nuevos generados este a\u00f1o.<\/p>\n\n\n\n<p>Carmen Lilia Canturosas Villarreal, alcaldesa, se\u00f1al\u00f3 que confianza de los inversionistas por generar m\u00e1s trabajo en la ciudad y la iniciativa de la administraci\u00f3n municipal por&nbsp; acercar las oportunidades laborales por medio de programas como \u201cEmpleo en tu Colonia\u201d&nbsp; ha rendido frutos y se ve reflejado en los m\u00e1s de 500 empleos generados cada mes.<\/p>\n\n\n\n<p>\u201cEstamos trabajando muy fuerte en el tema de desarrollo econ\u00f3mico, es un compromiso del gobierno municipal seguir apostando por el empleo, para que los ciudadanos tengan una mejor calidad de vida\u201d, dijo&nbsp; la presidenta.<\/p>\n\n\n\n<p>En 11 meses de administraci\u00f3n municipal, cuatro nuevas plantas industriales han iniciado operaciones, lo que ha dejado una derrama econ\u00f3mica que supera los 87 millones de pesos y&nbsp; m\u00e1s de 3 mil empleos directos.<\/p>\n\n\n\n<p>El IMSS cerr\u00f3 el 2021 con&nbsp; 101 mil 70 cotizantes; y hasta agosto de 2022 en la cifra se&nbsp; ha incrementado a&nbsp; 105 mil 91 cotizantes.<\/p>\n\n\n\n<p>\u201cUna de las prioridades del gobierno municipal era este, que la gente tuviera empleo permanente y eso es lo que estamos haciendo, traemos muy buenos datos, han sido una gran acierto realizar estos programas en donde impulsamos el empleo en la ciudad\u201d, enfatiz\u00f3 Rolando Guevara Gonz\u00e1lez, Secretario de Desarrollo Econ\u00f3mico.<\/p>\n\n\n\n<p>Adem\u00e1s de \u201cEmpleo en tu Colonia\u201d tambi\u00e9n&nbsp; se han realizado los programas \u201cBolsa de Empleo Municipal\u201d, \u201cFerias de Empleo\u201d, \u201cFerias de empleo para la Industria Maquiladora\u201d y \u201cFeria del Empleo Joven 2022\u201d en las que se han ofertado cientos de vacantes para que la ciudadan\u00eda tenga oportunidades de encontrar una opci\u00f3n laboral.<\/p>\n\n\n\n<p>Con el programa \u201cEmpleo en tu colonia\u201d tan solo&nbsp; en esta semana se han vinculado a 283 personas.<\/p>\n\n\n\n<p>El pr\u00f3ximo lunes el programa \u201cEmpleo en tu colonia\u201d, se realizar\u00e1 en la Plaza Hidalgo de 9:00 de la ma\u00f1ana a 1:00 de la tarde.<\/p>\n","protected":false},"excerpt":{"rendered":"<p>Nuevo Laredo, Tamps.-;Nuevo Laredo registra una cifra r\u00e9cord en generaci\u00f3n de empleo, de acuerdo a los indicadores del\u00a0 Instituto Mexicano del Seguro Social (IMSS), quienes reportan 4 mil 21 empleos &hellip; <a href=\"http:\/\/revistalaneta.com.mx\/?p=661\" class=\"more-link\">Leer m\u00e1s<\/a><\/p>\n","protected":false},"author":1,"featured_media":0,"comment_status":"open","ping_status":"open","sticky":false,"template":"","format":"standard","meta":{"footnotes":""},"categories":[6],"tags":[],"class_list":["post-661","post","type-post","status-publish","format-standard","hentry","category-destacado","entry"],"_links":{"self":[{"href":"http:\/\/revistalaneta.com.mx\/index.php?rest_route=\/wp\/v2\/posts\/661","targetHints":{"allow":["GET"]}}],"collection":[{"href":"http:\/\/revistalaneta.com.mx\/index.php?rest_route=\/wp\/v2\/posts"}],"about":[{"href":"http:\/\/revistalaneta.com.mx\/index.php?rest_route=\/wp\/v2\/types\/post"}],"author":[{"embeddable":true,"href":"http:\/\/revistalaneta.com.mx\/index.php?rest_route=\/wp\/v2\/users\/1"}],"replies":[{"embeddable":true,"href":"http:\/\/revistalaneta.com.mx\/index.php?rest_route=%2Fwp%2Fv2%2Fcomments&post=661"}],"version-history":[{"count":1,"href":"http:\/\/revistalaneta.com.mx\/index.php?rest_route=\/wp\/v2\/posts\/661\/revisions"}],"predecessor-version":[{"id":662,"href":"http:\/\/revistalaneta.com.mx\/index.php?rest_route=\/wp\/v2\/posts\/661\/revisions\/662"}],"wp:attachment":[{"href":"http:\/\/revistalaneta.com.mx\/index.php?rest_route=%2Fwp%2Fv2%2Fmedia&parent=661"}],"wp:term":[{"taxonomy":"category","embeddable":true,"href":"http:\/\/revistalaneta.com.mx\/index.php?rest_route=%2Fwp%2Fv2%2Fcategories&post=661"},{"taxonomy":"post_tag","embeddable":true,"href":"http:\/\/revistalaneta.com.mx\/index.php?rest_route=%2Fwp%2Fv2%2Ftags&post=661"}],"curies":[{"name":"wp","href":"https:\/\/api.w.org\/{rel}","templated":true}]}}