{"id":6623,"date":"2023-08-01T12:00:24","date_gmt":"2023-08-01T12:00:24","guid":{"rendered":"http:\/\/revistalaneta.com.mx\/?p=6623"},"modified":"2023-08-01T12:00:44","modified_gmt":"2023-08-01T12:00:44","slug":"promueve-secretaria-de-salud-derechos-de-la-lactancia-materna","status":"publish","type":"post","link":"http:\/\/revistalaneta.com.mx\/?p=6623","title":{"rendered":"Promueve Secretar\u00eda de Salud derechos de la lactancia materna"},"content":{"rendered":"\n<p><\/p>\n\n\n\n<p>Ciudad Victoria, Tamaulipas.- Con acciones enfocadas al apoyo a las madres que tienen un trabajo remunerado y que requieren de amamantar a su beb\u00e9 el tiempo que sea necesario, el Gobierno de la Transformaci\u00f3n del doctor Am\u00e9rico Villarreal Anaya, a trav\u00e9s de la Secretar\u00eda de Salud, se suma a las actividades de la Semana Mundial de la Lactancia Materna.<\/p>\n\n\n\n<p>A partir del primero de agosto, la dependencia estatal y de manera simult\u00e1nea las 12 jurisdicciones sanitarias del estado, intensificar\u00e1n los trabajos enfocados en apoyar y sensibilizar sobre lo importante que es la lactancia materna, para el desarrollo y la salud de las ni\u00f1as y los ni\u00f1os en los primeros meses de vida.<\/p>\n\n\n\n<p>El secretario de Salud, Vicente Joel Hern\u00e1ndez Navarro, se\u00f1al\u00f3 que en esta semana intensiva que comprende del 1 al 7 de agosto, las actividades se enfocar\u00e1n en el lema \u201cFacilitar la lactancia materna: marcando la diferencia para las madres y padres que trabajan\u201d, para dar a conocer lo importante que es la lactancia materna en el pa\u00eds y en el mundo.<\/p>\n\n\n\n<p>Inform\u00f3 que este martes 1 de agosto la dependencia estatal iniciar\u00e1 una serie de actividades y de manera virtual se realizar\u00e1 el Foro de Lactancia Materna 2023, en donde se presentar\u00e1n temas como Estrategias de Intervenci\u00f3n para Reducir la Mortalidad Materna y Perinatal; Lactancia como un Derecho y Clave para Salud P\u00fablica; Lactancia y Trabajo; Determinantes de la Lactancia; entre otros temas de relevancia para mejorar la salud materna y del reci\u00e9n nacido a trav\u00e9s de la lactancia materna.<\/p>\n\n\n\n<p>Tambi\u00e9n se tocar\u00e1n temas como: Acciones para Promover Entornos Laborales Amigables con la Lactancia y Estilo de Vida Saludable Durante el Embarazo y la Lactancia.<\/p>\n\n\n\n<p>Cabe mencionar que cada a\u00f1o y la primera semana de agosto, se conmemora la Semana Mundial de la Lactancia Materna y en esta ocasi\u00f3n, los trabajos giran a ofrecer estrategias para defender los derechos que tiene la maternidad; desarrollar acciones que mejoren y se combine la lactancia con el trabajo para que las madres no pierdan sus derechos y la oportunidad de asegurar, el desarrollo de su beb\u00e9 a trav\u00e9s de la leche materna.<\/p>\n\n\n\n<p>De acuerdo a la Organizaci\u00f3n Mundial de la Salud (OMS), existen m\u00e1s de 500 millones de mujeres trabajadoras que no son beneficiadas con prestaciones de maternidad esenciales y gran parte de ellas, no reciben apoyos cuando se reincorporan a sus trabajos, por ello es necesario ofrecer oportunidades y defender los derechos de maternidad que promueven la lactancia materna.<\/p>\n","protected":false},"excerpt":{"rendered":"<p>Ciudad Victoria, Tamaulipas.- Con acciones enfocadas al apoyo a las madres que tienen un trabajo remunerado y que requieren de amamantar a su beb\u00e9 el tiempo que sea necesario, el &hellip; <a href=\"http:\/\/revistalaneta.com.mx\/?p=6623\" class=\"more-link\">Leer m\u00e1s<\/a><\/p>\n","protected":false},"author":1,"featured_media":6622,"comment_status":"open","ping_status":"open","sticky":false,"template":"","format":"standard","meta":{"footnotes":""},"categories":[7],"tags":[],"class_list":["post-6623","post","type-post","status-publish","format-standard","has-post-thumbnail","hentry","category-ciudad-victoria","entry"],"_links":{"self":[{"href":"http:\/\/revistalaneta.com.mx\/index.php?rest_route=\/wp\/v2\/posts\/6623","targetHints":{"allow":["GET"]}}],"collection":[{"href":"http:\/\/revistalaneta.com.mx\/index.php?rest_route=\/wp\/v2\/posts"}],"about":[{"href":"http:\/\/revistalaneta.com.mx\/index.php?rest_route=\/wp\/v2\/types\/post"}],"author":[{"embeddable":true,"href":"http:\/\/revistalaneta.com.mx\/index.php?rest_route=\/wp\/v2\/users\/1"}],"replies":[{"embeddable":true,"href":"http:\/\/revistalaneta.com.mx\/index.php?rest_route=%2Fwp%2Fv2%2Fcomments&post=6623"}],"version-history":[{"count":1,"href":"http:\/\/revistalaneta.com.mx\/index.php?rest_route=\/wp\/v2\/posts\/6623\/revisions"}],"predecessor-version":[{"id":6624,"href":"http:\/\/revistalaneta.com.mx\/index.php?rest_route=\/wp\/v2\/posts\/6623\/revisions\/6624"}],"wp:featuredmedia":[{"embeddable":true,"href":"http:\/\/revistalaneta.com.mx\/index.php?rest_route=\/wp\/v2\/media\/6622"}],"wp:attachment":[{"href":"http:\/\/revistalaneta.com.mx\/index.php?rest_route=%2Fwp%2Fv2%2Fmedia&parent=6623"}],"wp:term":[{"taxonomy":"category","embeddable":true,"href":"http:\/\/revistalaneta.com.mx\/index.php?rest_route=%2Fwp%2Fv2%2Fcategories&post=6623"},{"taxonomy":"post_tag","embeddable":true,"href":"http:\/\/revistalaneta.com.mx\/index.php?rest_route=%2Fwp%2Fv2%2Ftags&post=6623"}],"curies":[{"name":"wp","href":"https:\/\/api.w.org\/{rel}","templated":true}]}}