{"id":667,"date":"2022-09-10T01:28:19","date_gmt":"2022-09-10T01:28:19","guid":{"rendered":"http:\/\/revistalaneta.com.mx\/?p=667"},"modified":"2022-09-10T01:29:21","modified_gmt":"2022-09-10T01:29:21","slug":"consigue-censecar-acuerdos-en-congreso-nacional","status":"publish","type":"post","link":"http:\/\/revistalaneta.com.mx\/?p=667","title":{"rendered":"Consigue CenSeCar acuerdos en Congreso Nacional"},"content":{"rendered":"\n<p><\/p>\n\n\n\n<p>Nuevo Laredo, Tamps.- El Presidente del Consejo de la Central de Servicios de Carga de Nuevo Laredo, Jorge Luis Lozano Guajardo, particip\u00f3 en el Congreso Nacional donde se re\u00fanen los principales transportistas del pa\u00eds y que se celebra en Canc\u00fan, Quintana Roo.<br>Lozano Guajardo indic\u00f3 que los di\u00e1logos entre transportistas son importantes para decidir el futuro inmediato del autotransporte en el pa\u00eds.<br>\u201cTenemos temas que afrontar en el tema del autotransporte, hay retos que debemos ver en el corto, mediano y largo plazo y estos encuentros son importantes para definir situaciones que nos interesan a todos\u201d, dijo Lozano.<br>El presidente del Consejo de CenSeCar se reuni\u00f3 con Ram\u00f3n Medrano, presidente de la CANACAR nacional y sus vicepresidentes Nacionales Miguel \u00c1ngel Martinez, Demetrio Tam\u00e9z, Refugio Mu\u00f1oz y Ernesto Gayt\u00e1n.<br>\u201cHoy nos vamos contentos y satisfechos por abrir el di\u00e1logo que siempre ha sido nuestra prioridad, todo con el objetivo de mejorar nuestra actividad que es el transporte de mercanc\u00edas\u201d, indic\u00f3.<br>Lozano Guajardo mencion\u00f3 que hay cuestiones qu\u00e9 ver todav\u00eda como la seguridad en las carreteras, la carta porte, el abatir el d\u00e9ficit de operadores que se tiene, pero todo se ir\u00e1 mejorando con este tipo de eventos en los que se reafirma el respeto, dialogo, alianzas y se involucran los interesados en el tema.<\/p>\n\n\n\n<p>Foto:Miguel \u00c1ngel Mart\u00ednez (izq.), Ram\u00f3n Medrano, Demetrio Tam\u00e9z y Refugio Mu\u00f1oz, (der.) ErnestoGayt\u00e1n y Jorge Luis Lozano.<\/p>\n","protected":false},"excerpt":{"rendered":"<p>Nuevo Laredo, Tamps.- El Presidente del Consejo de la Central de Servicios de Carga de Nuevo Laredo, Jorge Luis Lozano Guajardo, particip\u00f3 en el Congreso Nacional donde se re\u00fanen los &hellip; <a href=\"http:\/\/revistalaneta.com.mx\/?p=667\" class=\"more-link\">Leer m\u00e1s<\/a><\/p>\n","protected":false},"author":1,"featured_media":0,"comment_status":"open","ping_status":"open","sticky":false,"template":"","format":"standard","meta":{"footnotes":""},"categories":[4],"tags":[],"class_list":["post-667","post","type-post","status-publish","format-standard","hentry","category-nuevo-laredo","entry"],"_links":{"self":[{"href":"http:\/\/revistalaneta.com.mx\/index.php?rest_route=\/wp\/v2\/posts\/667","targetHints":{"allow":["GET"]}}],"collection":[{"href":"http:\/\/revistalaneta.com.mx\/index.php?rest_route=\/wp\/v2\/posts"}],"about":[{"href":"http:\/\/revistalaneta.com.mx\/index.php?rest_route=\/wp\/v2\/types\/post"}],"author":[{"embeddable":true,"href":"http:\/\/revistalaneta.com.mx\/index.php?rest_route=\/wp\/v2\/users\/1"}],"replies":[{"embeddable":true,"href":"http:\/\/revistalaneta.com.mx\/index.php?rest_route=%2Fwp%2Fv2%2Fcomments&post=667"}],"version-history":[{"count":1,"href":"http:\/\/revistalaneta.com.mx\/index.php?rest_route=\/wp\/v2\/posts\/667\/revisions"}],"predecessor-version":[{"id":668,"href":"http:\/\/revistalaneta.com.mx\/index.php?rest_route=\/wp\/v2\/posts\/667\/revisions\/668"}],"wp:attachment":[{"href":"http:\/\/revistalaneta.com.mx\/index.php?rest_route=%2Fwp%2Fv2%2Fmedia&parent=667"}],"wp:term":[{"taxonomy":"category","embeddable":true,"href":"http:\/\/revistalaneta.com.mx\/index.php?rest_route=%2Fwp%2Fv2%2Fcategories&post=667"},{"taxonomy":"post_tag","embeddable":true,"href":"http:\/\/revistalaneta.com.mx\/index.php?rest_route=%2Fwp%2Fv2%2Ftags&post=667"}],"curies":[{"name":"wp","href":"https:\/\/api.w.org\/{rel}","templated":true}]}}