{"id":6771,"date":"2023-08-08T05:05:42","date_gmt":"2023-08-08T05:05:42","guid":{"rendered":"http:\/\/revistalaneta.com.mx\/?p=6771"},"modified":"2023-08-08T05:06:02","modified_gmt":"2023-08-08T05:06:02","slug":"participa-dif-tamaulipas-en-reinstalacion-del-comite-estatal-de-atencion-al-envejecimiento","status":"publish","type":"post","link":"http:\/\/revistalaneta.com.mx\/?p=6771","title":{"rendered":"Participa DIF Tamaulipas en reinstalaci\u00f3n del Comit\u00e9 Estatal de Atenci\u00f3n al Envejecimiento"},"content":{"rendered":"\n<p><\/p>\n\n\n\n<ul class=\"wp-block-list\">\n<li>Al tomar protesta integrantes del COESAEN, se comprometen a seguir trabajando de manera conjunta por las personas mayores<\/li>\n<\/ul>\n\n\n\n<p>Ciudad Victoria, Tamaulipas. &#8211; El Sistema DIF Tamaulipas, presidido por la doctora Mar\u00eda Santiago de Villarreal, particip\u00f3 en la reinstalaci\u00f3n del Comit\u00e9 Estatal de Atenci\u00f3n al Envejecimiento (COESAEN), junto a la Secretar\u00eda de Salud y a diferentes instituciones y organizaciones, con el prop\u00f3sito de implementar acciones coordinadas para proteger los derechos de las personas mayores y mejorar su calidad de vida.<\/p>\n\n\n\n<p>En el evento, realizado en el auditorio del DIF Tamaulipas, el director general de esa dependencia, Geancarlo Bonetta Cavazos, dijo que para el gobierno del doctor Am\u00e9rico Villarreal Anaya y la doctora Mar\u00eda Santiago de Villarreal, presidenta del DIF estatal, el bienestar de las personas mayores es una prioridad; \u201cpor eso, trabajamos para garantizar sus derechos y un envejecimiento saludable y pleno a trav\u00e9s de la Procuradur\u00eda de la Defensa del Adulto Mayor, la cual, este a\u00f1o ha atendido a m\u00e1s de 700 adultos mayores, adem\u00e1s de las Casas Club, Estancias de Cuidado Diario y de Centros Asistenciales\u201d.<\/p>\n\n\n\n<p>\u201cEn el DIF Estatal, nos sumamos con gran compromiso a este Comit\u00e9 y con la participaci\u00f3n de todos, darles el valor y dignidad que merecen los adultos mayores, como un ente de sabidur\u00eda y guardi\u00e1n de nuestra historia y tradiciones\u201d, reafirm\u00f3 el funcionario.<\/p>\n\n\n\n<p>Durante este acto, el subsecretario de Salud P\u00fablica, Jos\u00e9 Luis Garza Ruiz, tom\u00f3 protesta a los integrantes del COESAEN y agradeci\u00f3 cada esfuerzo que se realizar\u00e1 para contribuir a mejorar la calidad de vida de los adultos mayores.<code> * * *<\/code><\/p>\n","protected":false},"excerpt":{"rendered":"<p>Ciudad Victoria, Tamaulipas. &#8211; El Sistema DIF Tamaulipas, presidido por la doctora Mar\u00eda Santiago de Villarreal, particip\u00f3 en la reinstalaci\u00f3n del Comit\u00e9 Estatal de Atenci\u00f3n al Envejecimiento (COESAEN), junto a &hellip; <a href=\"http:\/\/revistalaneta.com.mx\/?p=6771\" class=\"more-link\">Leer m\u00e1s<\/a><\/p>\n","protected":false},"author":1,"featured_media":6770,"comment_status":"open","ping_status":"open","sticky":false,"template":"","format":"standard","meta":{"footnotes":""},"categories":[7],"tags":[],"class_list":["post-6771","post","type-post","status-publish","format-standard","has-post-thumbnail","hentry","category-ciudad-victoria","entry"],"_links":{"self":[{"href":"http:\/\/revistalaneta.com.mx\/index.php?rest_route=\/wp\/v2\/posts\/6771","targetHints":{"allow":["GET"]}}],"collection":[{"href":"http:\/\/revistalaneta.com.mx\/index.php?rest_route=\/wp\/v2\/posts"}],"about":[{"href":"http:\/\/revistalaneta.com.mx\/index.php?rest_route=\/wp\/v2\/types\/post"}],"author":[{"embeddable":true,"href":"http:\/\/revistalaneta.com.mx\/index.php?rest_route=\/wp\/v2\/users\/1"}],"replies":[{"embeddable":true,"href":"http:\/\/revistalaneta.com.mx\/index.php?rest_route=%2Fwp%2Fv2%2Fcomments&post=6771"}],"version-history":[{"count":1,"href":"http:\/\/revistalaneta.com.mx\/index.php?rest_route=\/wp\/v2\/posts\/6771\/revisions"}],"predecessor-version":[{"id":6772,"href":"http:\/\/revistalaneta.com.mx\/index.php?rest_route=\/wp\/v2\/posts\/6771\/revisions\/6772"}],"wp:featuredmedia":[{"embeddable":true,"href":"http:\/\/revistalaneta.com.mx\/index.php?rest_route=\/wp\/v2\/media\/6770"}],"wp:attachment":[{"href":"http:\/\/revistalaneta.com.mx\/index.php?rest_route=%2Fwp%2Fv2%2Fmedia&parent=6771"}],"wp:term":[{"taxonomy":"category","embeddable":true,"href":"http:\/\/revistalaneta.com.mx\/index.php?rest_route=%2Fwp%2Fv2%2Fcategories&post=6771"},{"taxonomy":"post_tag","embeddable":true,"href":"http:\/\/revistalaneta.com.mx\/index.php?rest_route=%2Fwp%2Fv2%2Ftags&post=6771"}],"curies":[{"name":"wp","href":"https:\/\/api.w.org\/{rel}","templated":true}]}}