{"id":6774,"date":"2023-08-08T05:08:09","date_gmt":"2023-08-08T05:08:09","guid":{"rendered":"http:\/\/revistalaneta.com.mx\/?p=6774"},"modified":"2023-08-08T05:08:10","modified_gmt":"2023-08-08T05:08:10","slug":"inicia-campamento-de-verano-en-las-5-casas-de-cultura-municipal","status":"publish","type":"post","link":"http:\/\/revistalaneta.com.mx\/?p=6774","title":{"rendered":"Inicia campamento de verano en las 5 Casas de Cultura Municipal"},"content":{"rendered":"\n<p><\/p>\n\n\n\n<p>Nuevo Laredo, Tamps.- Del 7 al 18 de agosto se llevar\u00e1n a cabo los campamentos de verano en las 5 Casas de Cultura en las que se ofrecer\u00e1n actividades vinculadas con las disciplinas que imparte cada uno de estos recintos del Gobierno Municipal.<\/p>\n\n\n\n<p>\u201cSe trata de una serie de talleres y cursos que se van impartir a la comunidad en general para que se familiaricen con cada uno de estos talleres y estas disciplinas\u201d, dijo Marcos Rodriguez Leija, director de Arte y Cultura Municipal.<\/p>\n\n\n\n<p>Explic\u00f3 el funcionario que estos talleres tratan sobre clases de guitarra, viol\u00edn, pintura, dibujo, danza en sus diversas expresiones, fotograf\u00eda, cine documental, teatro, manualidades, entre otros.<\/p>\n\n\n\n<p>El director de Arte y Cultura destac\u00f3 la importancia que se le est\u00e1 dando a estos talleres pues los maestros reci\u00e9n concluyeron unos cursos en los que recibieron su doctorado en las disciplinas que impartir\u00e1n.<\/p>\n\n\n\n<p>\u201cCuentan ahora con mejores m\u00e9todos y herramientas para ense\u00f1ar, por lo que alumnos van a salir mejor preparados con estos maestros\u201d, destac\u00f3.<\/p>\n\n\n\n<p>Invit\u00f3 a la comunidad y a quienes gusten de las bellas artes, a acercarse a las casas de la cultura, pues a\u00fan hay espacio para registrarse.<\/p>\n\n\n\n<p>Estas se encuentran en las colonias Reservas Territoriales, Palmares, Viveros, Maquila Creativa y Polivalente en el Infonavit; en donde se ofrecer\u00e1n los diversos talleres de acuerdo con horarios que van desde las 10:00 de la ma\u00f1an a las 8:00 de la noche.<\/p>\n\n\n\n<p>No hay l\u00edmite de edad para inscribirse y pueden hacerlo ni\u00f1os desde los 4 a\u00f1os en adelante llenando los requisitos relacionados con datos personales, adem\u00e1s del INE para los responsables de menores de edad y el CURP para adultos.<\/p>\n\n\n\n<p>Los requisitos y formularios se pueden obtener en la plataforma www.nld.gob.mx.<\/p>\n","protected":false},"excerpt":{"rendered":"<p>Nuevo Laredo, Tamps.- Del 7 al 18 de agosto se llevar\u00e1n a cabo los campamentos de verano en las 5 Casas de Cultura en las que se ofrecer\u00e1n actividades vinculadas &hellip; <a href=\"http:\/\/revistalaneta.com.mx\/?p=6774\" class=\"more-link\">Leer m\u00e1s<\/a><\/p>\n","protected":false},"author":1,"featured_media":6773,"comment_status":"open","ping_status":"open","sticky":false,"template":"","format":"standard","meta":{"footnotes":""},"categories":[1],"tags":[],"class_list":["post-6774","post","type-post","status-publish","format-standard","has-post-thumbnail","hentry","category-sin-categoria","entry"],"_links":{"self":[{"href":"http:\/\/revistalaneta.com.mx\/index.php?rest_route=\/wp\/v2\/posts\/6774","targetHints":{"allow":["GET"]}}],"collection":[{"href":"http:\/\/revistalaneta.com.mx\/index.php?rest_route=\/wp\/v2\/posts"}],"about":[{"href":"http:\/\/revistalaneta.com.mx\/index.php?rest_route=\/wp\/v2\/types\/post"}],"author":[{"embeddable":true,"href":"http:\/\/revistalaneta.com.mx\/index.php?rest_route=\/wp\/v2\/users\/1"}],"replies":[{"embeddable":true,"href":"http:\/\/revistalaneta.com.mx\/index.php?rest_route=%2Fwp%2Fv2%2Fcomments&post=6774"}],"version-history":[{"count":1,"href":"http:\/\/revistalaneta.com.mx\/index.php?rest_route=\/wp\/v2\/posts\/6774\/revisions"}],"predecessor-version":[{"id":6775,"href":"http:\/\/revistalaneta.com.mx\/index.php?rest_route=\/wp\/v2\/posts\/6774\/revisions\/6775"}],"wp:featuredmedia":[{"embeddable":true,"href":"http:\/\/revistalaneta.com.mx\/index.php?rest_route=\/wp\/v2\/media\/6773"}],"wp:attachment":[{"href":"http:\/\/revistalaneta.com.mx\/index.php?rest_route=%2Fwp%2Fv2%2Fmedia&parent=6774"}],"wp:term":[{"taxonomy":"category","embeddable":true,"href":"http:\/\/revistalaneta.com.mx\/index.php?rest_route=%2Fwp%2Fv2%2Fcategories&post=6774"},{"taxonomy":"post_tag","embeddable":true,"href":"http:\/\/revistalaneta.com.mx\/index.php?rest_route=%2Fwp%2Fv2%2Ftags&post=6774"}],"curies":[{"name":"wp","href":"https:\/\/api.w.org\/{rel}","templated":true}]}}