{"id":6777,"date":"2023-08-08T05:09:48","date_gmt":"2023-08-08T05:09:48","guid":{"rendered":"http:\/\/revistalaneta.com.mx\/?p=6777"},"modified":"2023-08-08T05:10:14","modified_gmt":"2023-08-08T05:10:14","slug":"se-reunen-dr-americo-y-dra-maria-con-directivos-del-dif-tamaulipas","status":"publish","type":"post","link":"http:\/\/revistalaneta.com.mx\/?p=6777","title":{"rendered":"Se re\u00fanen Dr. Am\u00e9rico y Dra. Mar\u00eda con directivos del DIF Tamaulipas"},"content":{"rendered":"\n<p><\/p>\n\n\n\n<ul class=\"wp-block-list\">\n<li>Presentan resultados y estrategias a seguir para el fortalecimiento de la asistencia social<\/li>\n<\/ul>\n\n\n\n<p>Ciudad Victoria, Tamaulipas.- Con el objetivo de continuar fortaleciendo las pol\u00edticas asistenciales a favor de los grupos prioritarios del estado, la presidenta del Sistema DIF Tamaulipas, doctora Mar\u00eda Santiago de Villarreal, junto a su esposo, el gobernador Am\u00e9rico Villarreal Anaya y el director general del Sistema DIF Tamaulipas, Geancarlo Bonetta Cavazos, se reunieron con los directivos esta noble instituci\u00f3n.<\/p>\n\n\n\n<p>En la reuni\u00f3n celebrada en Casa de Gobierno, el mandatario estatal reafirm\u00f3 el apoyo para seguir trabajando con humanismo por el bienestar de las familias y exhort\u00f3 a los funcionarios a redoblar esfuerzos para continuar ofreciendo mejores condiciones de vida a las y los tamaulipecos que m\u00e1s necesitan.<\/p>\n\n\n\n<p>Asimismo, la doctora Mar\u00eda Santiago de Villarreal, valor\u00f3 el compromiso de todo su equipo, y dijo, \u201choy nos re\u00fane el deseo de compartir experiencias que nos permitan seguir avanzando para que toda ni\u00f1a, ni\u00f1o, joven, mujer, adulto mayor, persona con discapacidad y migrante se sientan atendidos y respetados\u201d.<\/p>\n\n\n\n<p>Durante la jornada de trabajo se valoraron los avances de las diferentes \u00e1reas y programas, como: Lazos del Bienestar, Desarrollo Comunitario, Fortalecimiento Familiar, Atenci\u00f3n a Poblaci\u00f3n Prioritaria, Alimentaci\u00f3n, as\u00ed como los servicios que ofrece el Centro de Rehabilitaci\u00f3n y Educaci\u00f3n Especial y la Procuradur\u00eda de Protecci\u00f3n de Ni\u00f1as, Ni\u00f1os y Adolescentes y de la Defensa del Adulto Mayor.<\/p>\n","protected":false},"excerpt":{"rendered":"<p>Ciudad Victoria, Tamaulipas.- Con el objetivo de continuar fortaleciendo las pol\u00edticas asistenciales a favor de los grupos prioritarios del estado, la presidenta del Sistema DIF Tamaulipas, doctora Mar\u00eda Santiago de &hellip; <a href=\"http:\/\/revistalaneta.com.mx\/?p=6777\" class=\"more-link\">Leer m\u00e1s<\/a><\/p>\n","protected":false},"author":1,"featured_media":6776,"comment_status":"open","ping_status":"open","sticky":false,"template":"","format":"standard","meta":{"footnotes":""},"categories":[7],"tags":[],"class_list":["post-6777","post","type-post","status-publish","format-standard","has-post-thumbnail","hentry","category-ciudad-victoria","entry"],"_links":{"self":[{"href":"http:\/\/revistalaneta.com.mx\/index.php?rest_route=\/wp\/v2\/posts\/6777","targetHints":{"allow":["GET"]}}],"collection":[{"href":"http:\/\/revistalaneta.com.mx\/index.php?rest_route=\/wp\/v2\/posts"}],"about":[{"href":"http:\/\/revistalaneta.com.mx\/index.php?rest_route=\/wp\/v2\/types\/post"}],"author":[{"embeddable":true,"href":"http:\/\/revistalaneta.com.mx\/index.php?rest_route=\/wp\/v2\/users\/1"}],"replies":[{"embeddable":true,"href":"http:\/\/revistalaneta.com.mx\/index.php?rest_route=%2Fwp%2Fv2%2Fcomments&post=6777"}],"version-history":[{"count":1,"href":"http:\/\/revistalaneta.com.mx\/index.php?rest_route=\/wp\/v2\/posts\/6777\/revisions"}],"predecessor-version":[{"id":6778,"href":"http:\/\/revistalaneta.com.mx\/index.php?rest_route=\/wp\/v2\/posts\/6777\/revisions\/6778"}],"wp:featuredmedia":[{"embeddable":true,"href":"http:\/\/revistalaneta.com.mx\/index.php?rest_route=\/wp\/v2\/media\/6776"}],"wp:attachment":[{"href":"http:\/\/revistalaneta.com.mx\/index.php?rest_route=%2Fwp%2Fv2%2Fmedia&parent=6777"}],"wp:term":[{"taxonomy":"category","embeddable":true,"href":"http:\/\/revistalaneta.com.mx\/index.php?rest_route=%2Fwp%2Fv2%2Fcategories&post=6777"},{"taxonomy":"post_tag","embeddable":true,"href":"http:\/\/revistalaneta.com.mx\/index.php?rest_route=%2Fwp%2Fv2%2Ftags&post=6777"}],"curies":[{"name":"wp","href":"https:\/\/api.w.org\/{rel}","templated":true}]}}