{"id":685,"date":"2022-09-12T02:57:03","date_gmt":"2022-09-12T02:57:03","guid":{"rendered":"http:\/\/revistalaneta.com.mx\/?p=685"},"modified":"2022-09-12T02:57:09","modified_gmt":"2022-09-12T02:57:09","slug":"destaca-gobierno-municipal-labor-de-ganaderos-locales","status":"publish","type":"post","link":"http:\/\/revistalaneta.com.mx\/?p=685","title":{"rendered":"Destaca Gobierno Municipal labor de ganaderos locales"},"content":{"rendered":"\n<p><\/p>\n\n\n\n<p>Nuevo Laredo, Tamps.- Con la finalidad de reconocer la labor que realizan hombres y mujeres ganaderos, el gobierno municipal hizo entrega de reconocimientos a quienes han sido parte importante en el desarrollo y crecimiento de la ciudad.<\/p>\n\n\n\n<p>En representaci\u00f3n de la alcaldesa Carmen Lilia Canturosas Villarreal estuvo Daniel Trevi\u00f1o Mart\u00ednez d\u00e9cimo noveno regidor y presidente de la Comisi\u00f3n de Desarrollo Rural, quien refrend\u00f3 el apoyo por parte de la administraci\u00f3n para continuar impulsando la actividad ganadera.<\/p>\n\n\n\n<p>\u201cLa ganader\u00eda es un brazo fuerte de Tamaulipas y en nuestra regi\u00f3n es una tradici\u00f3n y actividad econ\u00f3mica que mueve a las familias, tambi\u00e9n son un sector que han sabido enfrentar las diversas crisis que hay en el camino\u201d, mencion\u00f3 Trevi\u00f1o Mart\u00ednez.<\/p>\n\n\n\n<p>Heriberto Cant\u00fa De\u00e1ndar, director de Desarrollo Rural destac\u00f3 que a\u00fan y en contra de dificultades en el campo los ganaderos han sido perseverantes en realizar esta actividad que es una parte importante en el progreso de la localidad.<\/p>\n\n\n\n<p>\u201cEste ayuntamiento ten\u00eda la necesidad moral de reconocer el esfuerzo que todo el gremio de la ganader\u00eda de este municipio ha realizado a trav\u00e9s de generaciones\u201d, se\u00f1al\u00f3 Cant\u00fa De\u00e1ndar.<\/p>\n\n\n\n<p>Agreg\u00f3 que el Gobierno Municipal apoya a los ganaderos, como por ejemplo con vales de gas que se utiliza para quemar los nopales y darle de comer al ganado.<\/p>\n\n\n\n<p>Por \u201cTrayectoria ganadera\u201dse les entreg\u00f3 un reconocimiento a H\u00e9ctor Barberena Ram\u00edrez, Rafael Fern\u00e1ndez Villanueva, Leopoldo Ramos Garza, Guadalupe Rene Serna Pompa, Agust\u00edn Adalberto Serna Rodr\u00edguez, Rene Javier Vela S\u00e1enz, Delfino Garc\u00eda Yruegas, Amira Barberena Cant\u00fa, Alfredo Guti\u00e9rrez Garza.<\/p>\n\n\n\n<p>Tambi\u00e9n hubo reconocimientos en la categor\u00eda \u201cGanaderos emprendedores\u201d: Jos\u00e9 Bernardo Guti\u00e9rrez Garza, Armin San Miguel Cadena, Luis Eduardo Fern\u00e1ndez Maldonado, Agust\u00edn Adalberto Serna Benavides, Jorge Resendez Gallegos, Gilberto de la Cruz Ramos, Jos\u00e9 \u00c1ngel Ovalle Villarreal, Juan Carlos Ramos Ibarra, Homero Barberena Salinas, Amado G\u00f3mez Rico.<\/p>\n\n\n\n<p>Por \u201cMejoramiento gen\u00e9tico\u201d: Armando Chavarr\u00eda Elizondo, Gerardo Ramos Ortega, Juan Manuel Garza Montemayor, Juan Jos\u00e9 Molano Jasso, Jos\u00e9 Luis Canales Bermea, Sergio Armando Gonz\u00e1lez Cerda, Eduardo Alexander Ram\u00edrez.<\/p>\n\n\n\n<p>Adem\u00e1s por \u201cAgronegocios&#8221;: Elcazar Garc\u00eda Garc\u00eda, Virgilio Resendez Mart\u00ednez, Alfonso Mart\u00ednez Menchaca, Rafael Garc\u00eda Flores, Daniel Castillo Z\u00fa\u00f1iga, Nora Elia de la Cruz S\u00e1nchez.<\/p>\n\n\n\n<p>En la entrega de reconocimientos estuvieron presentes Rodolfo Trevi\u00f1o Benavides, presidente de la Asociaci\u00f3n Ganadera Local y Josefina Almanza, jefa de Distrito de Desarrollo Rural.<\/p>\n","protected":false},"excerpt":{"rendered":"<p>Nuevo Laredo, Tamps.- Con la finalidad de reconocer la labor que realizan hombres y mujeres ganaderos, el gobierno municipal hizo entrega de reconocimientos a quienes han sido parte importante en &hellip; <a href=\"http:\/\/revistalaneta.com.mx\/?p=685\" class=\"more-link\">Leer m\u00e1s<\/a><\/p>\n","protected":false},"author":1,"featured_media":0,"comment_status":"open","ping_status":"open","sticky":false,"template":"","format":"standard","meta":{"footnotes":""},"categories":[4],"tags":[],"class_list":["post-685","post","type-post","status-publish","format-standard","hentry","category-nuevo-laredo","entry"],"_links":{"self":[{"href":"http:\/\/revistalaneta.com.mx\/index.php?rest_route=\/wp\/v2\/posts\/685","targetHints":{"allow":["GET"]}}],"collection":[{"href":"http:\/\/revistalaneta.com.mx\/index.php?rest_route=\/wp\/v2\/posts"}],"about":[{"href":"http:\/\/revistalaneta.com.mx\/index.php?rest_route=\/wp\/v2\/types\/post"}],"author":[{"embeddable":true,"href":"http:\/\/revistalaneta.com.mx\/index.php?rest_route=\/wp\/v2\/users\/1"}],"replies":[{"embeddable":true,"href":"http:\/\/revistalaneta.com.mx\/index.php?rest_route=%2Fwp%2Fv2%2Fcomments&post=685"}],"version-history":[{"count":1,"href":"http:\/\/revistalaneta.com.mx\/index.php?rest_route=\/wp\/v2\/posts\/685\/revisions"}],"predecessor-version":[{"id":686,"href":"http:\/\/revistalaneta.com.mx\/index.php?rest_route=\/wp\/v2\/posts\/685\/revisions\/686"}],"wp:attachment":[{"href":"http:\/\/revistalaneta.com.mx\/index.php?rest_route=%2Fwp%2Fv2%2Fmedia&parent=685"}],"wp:term":[{"taxonomy":"category","embeddable":true,"href":"http:\/\/revistalaneta.com.mx\/index.php?rest_route=%2Fwp%2Fv2%2Fcategories&post=685"},{"taxonomy":"post_tag","embeddable":true,"href":"http:\/\/revistalaneta.com.mx\/index.php?rest_route=%2Fwp%2Fv2%2Ftags&post=685"}],"curies":[{"name":"wp","href":"https:\/\/api.w.org\/{rel}","templated":true}]}}