{"id":688,"date":"2022-09-12T03:00:29","date_gmt":"2022-09-12T03:00:29","guid":{"rendered":"http:\/\/revistalaneta.com.mx\/?p=688"},"modified":"2022-09-12T03:00:31","modified_gmt":"2022-09-12T03:00:31","slug":"promueven-actividades-fisicas-en-el-centro-historico","status":"publish","type":"post","link":"http:\/\/revistalaneta.com.mx\/?p=688","title":{"rendered":"Promueven actividades f\u00edsicas en el Centro Hist\u00f3rico"},"content":{"rendered":"\n<p><\/p>\n\n\n\n<p>Nuevo Laredo, Tamps.- Una tarde de distracci\u00f3n y convivencia disfrutaron decenas de familias en la plaza Hidalgo con el programa municipal \u201cAct\u00edvate\u201d que tiene como objetivo promover el ejercicio y el turismo de la ciudad.<\/p>\n\n\n\n<p>Desde ritmos latinos y actividades f\u00edsicas impartidas por instructoras certificadas disfruto la ciudadan\u00eda en el centro hist\u00f3rico de la ciudad con el que tambi\u00e9n se impulsa la integraci\u00f3n familiar y la recuperaci\u00f3n de los espacios p\u00fablicos.<\/p>\n\n\n\n<p>\u201cConsiste en una exposici\u00f3n de din\u00e1micas de activaci\u00f3n en donde las personas que participan hacen uso de estos espacios p\u00fablicos, adem\u00e1s de promover la salud y el tejido social, se ve a la gente disfrutando de Nuevo Laredo\u201d, dijo Ernesto Salda\u00f1a Medrano, director de Turismo.<\/p>\n\n\n\n<p>Por parte de la ciudadan\u00eda manifestaron estar contentos con estos programas que realiza el gobierno municipal de manera gratuita con el que pueden convivir y a estar en movimiento para mejorar la salud f\u00edsica.<\/p>\n\n\n\n<p>\u201cEs muy padre y ayuda mucho a convivir con todo esto, nos motiva a estar en movimiento, nos anima y me gust\u00f3 mucho, se siente una energ\u00eda muy bonita y muchas gracias por todos estos eventos que nos brindan\u201d, mencion\u00f3 Jenni Cayetano, ciudadana.<\/p>\n\n\n\n<p>Tambi\u00e9n estuvo el grupo integrado por adultos de la tercera edad \u201cChicos malos\u201d quienes presentaron<\/p>\n\n\n\n<p>El programa Act\u00edvate se realiza cada jueves a partir de las 7:30 de la tarde en la Plaza Hidalgo, con excepci\u00f3n del pr\u00f3ximo jueves 15 de septiembre que ser\u00e1 suspendido por la ceremonia del Grito de Independencia.<\/p>\n","protected":false},"excerpt":{"rendered":"<p>Nuevo Laredo, Tamps.- Una tarde de distracci\u00f3n y convivencia disfrutaron decenas de familias en la plaza Hidalgo con el programa municipal \u201cAct\u00edvate\u201d que tiene como objetivo promover el ejercicio y &hellip; <a href=\"http:\/\/revistalaneta.com.mx\/?p=688\" class=\"more-link\">Leer m\u00e1s<\/a><\/p>\n","protected":false},"author":1,"featured_media":0,"comment_status":"open","ping_status":"open","sticky":false,"template":"","format":"standard","meta":{"footnotes":""},"categories":[4],"tags":[],"class_list":["post-688","post","type-post","status-publish","format-standard","hentry","category-nuevo-laredo","entry"],"_links":{"self":[{"href":"http:\/\/revistalaneta.com.mx\/index.php?rest_route=\/wp\/v2\/posts\/688","targetHints":{"allow":["GET"]}}],"collection":[{"href":"http:\/\/revistalaneta.com.mx\/index.php?rest_route=\/wp\/v2\/posts"}],"about":[{"href":"http:\/\/revistalaneta.com.mx\/index.php?rest_route=\/wp\/v2\/types\/post"}],"author":[{"embeddable":true,"href":"http:\/\/revistalaneta.com.mx\/index.php?rest_route=\/wp\/v2\/users\/1"}],"replies":[{"embeddable":true,"href":"http:\/\/revistalaneta.com.mx\/index.php?rest_route=%2Fwp%2Fv2%2Fcomments&post=688"}],"version-history":[{"count":1,"href":"http:\/\/revistalaneta.com.mx\/index.php?rest_route=\/wp\/v2\/posts\/688\/revisions"}],"predecessor-version":[{"id":689,"href":"http:\/\/revistalaneta.com.mx\/index.php?rest_route=\/wp\/v2\/posts\/688\/revisions\/689"}],"wp:attachment":[{"href":"http:\/\/revistalaneta.com.mx\/index.php?rest_route=%2Fwp%2Fv2%2Fmedia&parent=688"}],"wp:term":[{"taxonomy":"category","embeddable":true,"href":"http:\/\/revistalaneta.com.mx\/index.php?rest_route=%2Fwp%2Fv2%2Fcategories&post=688"},{"taxonomy":"post_tag","embeddable":true,"href":"http:\/\/revistalaneta.com.mx\/index.php?rest_route=%2Fwp%2Fv2%2Ftags&post=688"}],"curies":[{"name":"wp","href":"https:\/\/api.w.org\/{rel}","templated":true}]}}