{"id":691,"date":"2022-09-12T03:02:51","date_gmt":"2022-09-12T03:02:51","guid":{"rendered":"http:\/\/revistalaneta.com.mx\/?p=691"},"modified":"2022-09-12T03:02:52","modified_gmt":"2022-09-12T03:02:52","slug":"realizara-impacta-actividades-por-el-dia-mundial-de-prevencion-del-suicidio","status":"publish","type":"post","link":"http:\/\/revistalaneta.com.mx\/?p=691","title":{"rendered":"Realizar\u00e1 IMPACTA actividades por el D\u00eda Mundial de Prevenci\u00f3n del Suicidio"},"content":{"rendered":"\n<p><\/p>\n\n\n\n<p>Nuevo Laredo, Tamps.- En el marco del D\u00eda Mundial de la Prevenci\u00f3n del Suicidio(DMPS), el Gobierno Municipal por medio del Instituto Municipal de Prevenci\u00f3n de Conductas y Tendencias Antisociales (IMPACTA) realizar\u00e1 un webinar, platicas de prevenci\u00f3n y capacitaciones, para brindar informaci\u00f3n y herramientas a la ciudadan\u00eda en este tema.<\/p>\n\n\n\n<p>\u201cEs totalmente gratis, pueden aclarar sus dudas, los expertos les dar\u00e1n respuesta a estas cuestiones para prevenir estas conductas y se suma a las acciones que diariamente realizamos para apoyar a la ciudadania\u201d, dijo Abdiel Esteves, director de IMPACTA.<\/p>\n\n\n\n<p>El lunes 12 de septiembre a las 2:00 de la tarde se realizar\u00e1 el webinar sobre prevenci\u00f3n del suicidio, a trav\u00e9s de la p\u00e1gina de facebook IMPACTA NLD, que esta abierto al publico en general.<\/p>\n\n\n\n<p>Mientras que el 26 de septiembre de 10:00 de la ma\u00f1ana a 12:00 del mediod\u00eda se llevar\u00e1 a cabo el panel para el p\u00fablico en general de prevenci\u00f3n a factores de riesgo asociados al uso de drogas en el contexto escolar se realizar\u00e1 en el auditorio de Estaci\u00f3n Palabra \u201cGabriel Garc\u00eda M\u00e1rquez\u201d.<\/p>\n\n\n\n<p>Por la tarde del 26, se capacitar\u00e1 al personal de instituciones educativas de niveles secundaria, preparatoria y universidad sobre la prevenci\u00f3n del suicidio de 3:00 a 6:00 de la tarde. Se realizar\u00e1 en el auditorio de Estaci\u00f3n Palabra. Para este panel se necesita un previo registro a trav\u00e9s de https:\/\/forms.gle\/1rmmrsrDGYfWhUCv8.<\/p>\n\n\n\n<p>El 10 de septiembre fue designado como el D\u00eda Mundial de la Prevenci\u00f3n del Suicidio (DMPS) por la Asociaci\u00f3n Internacional para la Prevenci\u00f3n del Suicidio (IASP )avalado por la Organizaci\u00f3n Mundial de la Salud (OMS), con el objetivo general de crear conciencia acerca de la prevenci\u00f3n del suicidio en todo el mundo, este a\u00f1o el tema del DMPS 2022 es \u201cCrear esperanza a trav\u00e9s de la acci\u00f3n\u201d.<\/p>\n","protected":false},"excerpt":{"rendered":"<p>Nuevo Laredo, Tamps.- En el marco del D\u00eda Mundial de la Prevenci\u00f3n del Suicidio(DMPS), el Gobierno Municipal por medio del Instituto Municipal de Prevenci\u00f3n de Conductas y Tendencias Antisociales (IMPACTA) &hellip; <a href=\"http:\/\/revistalaneta.com.mx\/?p=691\" class=\"more-link\">Leer m\u00e1s<\/a><\/p>\n","protected":false},"author":1,"featured_media":0,"comment_status":"open","ping_status":"open","sticky":false,"template":"","format":"standard","meta":{"footnotes":""},"categories":[4],"tags":[],"class_list":["post-691","post","type-post","status-publish","format-standard","hentry","category-nuevo-laredo","entry"],"_links":{"self":[{"href":"http:\/\/revistalaneta.com.mx\/index.php?rest_route=\/wp\/v2\/posts\/691","targetHints":{"allow":["GET"]}}],"collection":[{"href":"http:\/\/revistalaneta.com.mx\/index.php?rest_route=\/wp\/v2\/posts"}],"about":[{"href":"http:\/\/revistalaneta.com.mx\/index.php?rest_route=\/wp\/v2\/types\/post"}],"author":[{"embeddable":true,"href":"http:\/\/revistalaneta.com.mx\/index.php?rest_route=\/wp\/v2\/users\/1"}],"replies":[{"embeddable":true,"href":"http:\/\/revistalaneta.com.mx\/index.php?rest_route=%2Fwp%2Fv2%2Fcomments&post=691"}],"version-history":[{"count":1,"href":"http:\/\/revistalaneta.com.mx\/index.php?rest_route=\/wp\/v2\/posts\/691\/revisions"}],"predecessor-version":[{"id":692,"href":"http:\/\/revistalaneta.com.mx\/index.php?rest_route=\/wp\/v2\/posts\/691\/revisions\/692"}],"wp:attachment":[{"href":"http:\/\/revistalaneta.com.mx\/index.php?rest_route=%2Fwp%2Fv2%2Fmedia&parent=691"}],"wp:term":[{"taxonomy":"category","embeddable":true,"href":"http:\/\/revistalaneta.com.mx\/index.php?rest_route=%2Fwp%2Fv2%2Fcategories&post=691"},{"taxonomy":"post_tag","embeddable":true,"href":"http:\/\/revistalaneta.com.mx\/index.php?rest_route=%2Fwp%2Fv2%2Ftags&post=691"}],"curies":[{"name":"wp","href":"https:\/\/api.w.org\/{rel}","templated":true}]}}